{"id":3040,"date":"2017-11-04T12:24:28","date_gmt":"2017-11-04T11:24:28","guid":{"rendered":"http:\/\/blogs.diariosur.es\/avuelapluma\/?p=3040"},"modified":"2017-11-04T12:36:38","modified_gmt":"2017-11-04T11:36:38","slug":"3040","status":"publish","type":"post","link":"https:\/\/blogs.diariosur.es\/avuelapluma\/2017\/11\/04\/3040\/","title":{"rendered":"Metamorfosis de Pedro S\u00e1nchez y ca\u00edda libre de Podemos"},"content":{"rendered":"<p><img loading=\"lazy\" class=\"mainImage accessible nofocus\" tabindex=\"0\" title=\"Ver imagen de origen\" src=\"\/\/www.diariosur.es\/noticias\/201701\/28\/media\/cortadas\/sanchez-kk6F-U211721471269OzC-575x323@Diario%20Sur.jpg\" alt=\"Resultado de imagen de fotos de Pedro Sanchez .diario sur\" width=\"575\" height=\"323\" data-bm=\"73\" \/><\/p>\n<p>&nbsp;<\/p>\n<p>Metamorfosis de Pedro S\u00e1nchez y ca\u00edda libre de Podemos<\/p>\n<p>JOS\u00c9 BECERRA<\/p>\n<p>La ansiada, para algunos,\u00a0\u00a0 independencia de Catalu\u00f1a est\u00e1 sirviendo como crisol y prueba de fuego de pol\u00edticos espa\u00f1oles seg\u00fan sus apetencias y exposici\u00f3n de pareceres sobre tan candente cuesti\u00f3n. Su seguimiento en el d\u00eda a d\u00eda trae en vilo a media Espa\u00f1a y a la otra le pone ya cara de resignaci\u00f3n ante un problema del que se piensa, y con raz\u00f3n, que parece insoluble y que va a acarrar problemas sin cuento. Ante el cual quienes pululan con mayor prestancia por el encrespado\u00a0\u00a0 solar de la pol\u00edtica actual arguyen propuestas o escurren el bulto para no comprometerse con el parecer de sus m\u00e1s pertinaces seguidores. Pablo Iglesias public\u00f3 d\u00edas atr\u00e1s una carta de tintes rocambolescos en la que no se para en mientes en acusar al PP, la monarqu\u00eda y a la derecha econ\u00f3mica de los males habidos y por haber y en la que destacaba el conflicto catal\u00e1n. Asimismo, arg\u00fc\u00eda que era un desprop\u00f3sito que el PSOE pactase con el PP la aplicaci\u00f3n del 155, lo que le colocaba m\u00e1s cerca de un fementido Puigdemont, algo que en vez de apaciguar los \u00e1nimos de sus seguidores m\u00e1s fieles no ha logrado sino exacerbarlos.<\/p>\n<p>Aunque con medias tintas, Iglesias, por su parte,\u00a0no puede ocultar su inclinaci\u00f3n hacia los soberanistas catalanes, reflejada esta actitud cuando admite sin reservas el espurio refer\u00e9ndum del 1-O. A lo que hay que sumar, seg\u00fan ratifican encuestas recientes, un descenso de las intenciones de votos a su favor en unas hipot\u00e9ticas elecciones, que les llevar\u00eda a situarse detr\u00e1s de Ciudadanos. En cuanto a lo que se refiere a Pedro S\u00e1nchez, y en lenguaje andaluz campechano habr\u00eda que decir, a tenor de los acontecimientos que, al parecer, lo han propiciado, \u201c\u00e9ste no es mi Pedro, que me lo han cambiado\u201d. Del feroz antagonismo que manten\u00eda contra Mariano Rajoy, del que espetaba cada dos por tres, aparte de llamarle \u201cindecente\u201d en un encuentro televisivo de alcance nacional. Aquellos del \u201cNo, es No\u201d y \u201cQu\u00e9 parte del No, no ha entendido\u201d, frases de los que alarde\u00f3 y que fueron banderolas desplegadas tanto por \u00e9l como por los militantes del PSOE, viniese o no a colaci\u00f3n, se ha pasado, en un viraje espectacular, a ponerse del lado de Rajoy sin reservas, como aliado de la defensa a ultranza que \u00e9ste lleva a cabo en lo que toca a restablecer la legalidad en Catalu\u00f1a. Ha visto el l\u00edder socialista que se est\u00e1 ante un problema de Estado no exclusivo al PP y, cuerdamente, opt\u00f3 por arrimar el hombro para solucionarlo, m\u00e1s all\u00e1 de las diferencias entre ambos partidos. Eso le honra y da p\u00e1bulos a los que ven en \u00e9l la actitud propia de alguien que aspira a ser un futuro presidente del Gobierno.<\/p>\n","protected":false},"excerpt":{"rendered":"<p>&nbsp; Metamorfosis de Pedro S\u00e1nchez y ca\u00edda libre de Podemos JOS\u00c9 BECERRA La ansiada, para algunos,\u00a0\u00a0 independencia de Catalu\u00f1a est\u00e1 sirviendo como crisol y prueba de fuego de pol\u00edticos espa\u00f1oles seg\u00fan sus apetencias y exposici\u00f3n de pareceres sobre tan candente cuesti\u00f3n. Su seguimiento en el d\u00eda a d\u00eda trae en vilo a media Espa\u00f1a y [&hellip;]<\/p>\n","protected":false},"author":27495,"featured_media":0,"comment_status":"open","ping_status":"closed","sticky":false,"template":"","format":"standard","meta":[],"categories":[1],"tags":[759,791,1087],"_links":{"self":[{"href":"https:\/\/blogs.diariosur.es\/avuelapluma\/wp-json\/wp\/v2\/posts\/3040"}],"collection":[{"href":"https:\/\/blogs.diariosur.es\/avuelapluma\/wp-json\/wp\/v2\/posts"}],"about":[{"href":"https:\/\/blogs.diariosur.es\/avuelapluma\/wp-json\/wp\/v2\/types\/post"}],"author":[{"embeddable":true,"href":"https:\/\/blogs.diariosur.es\/avuelapluma\/wp-json\/wp\/v2\/users\/27495"}],"replies":[{"embeddable":true,"href":"https:\/\/blogs.diariosur.es\/avuelapluma\/wp-json\/wp\/v2\/comments?post=3040"}],"version-history":[{"count":4,"href":"https:\/\/blogs.diariosur.es\/avuelapluma\/wp-json\/wp\/v2\/posts\/3040\/revisions"}],"predecessor-version":[{"id":3044,"href":"https:\/\/blogs.diariosur.es\/avuelapluma\/wp-json\/wp\/v2\/posts\/3040\/revisions\/3044"}],"wp:attachment":[{"href":"https:\/\/blogs.diariosur.es\/avuelapluma\/wp-json\/wp\/v2\/media?parent=3040"}],"wp:term":[{"taxonomy":"category","embeddable":true,"href":"https:\/\/blogs.diariosur.es\/avuelapluma\/wp-json\/wp\/v2\/categories?post=3040"},{"taxonomy":"post_tag","embeddable":true,"href":"https:\/\/blogs.diariosur.es\/avuelapluma\/wp-json\/wp\/v2\/tags?post=3040"}],"curies":[{"name":"wp","href":"https:\/\/api.w.org\/{rel}","templated":true}]}}