{"id":3050,"date":"2017-11-10T11:46:04","date_gmt":"2017-11-10T10:46:04","guid":{"rendered":"http:\/\/blogs.diariosur.es\/avuelapluma\/?p=3050"},"modified":"2017-11-11T12:28:56","modified_gmt":"2017-11-11T11:28:56","slug":"la-serrania-de-ronda-clama-por-el-estado-de-sus-carreteras","status":"publish","type":"post","link":"https:\/\/blogs.diariosur.es\/avuelapluma\/2017\/11\/10\/la-serrania-de-ronda-clama-por-el-estado-de-sus-carreteras\/","title":{"rendered":"La Serran\u00eda de Ronda clama por el estado de sus carreteras"},"content":{"rendered":"<p><img loading=\"lazy\" class=\"mainImage accessible nofocus\" tabindex=\"0\" title=\"Ver imagen de origen\" src=\"\/\/noticias.motorflash.com\/wp-content\/uploads\/carretera-de-San-Pedro.jpg\" alt=\"Resultado de imagen de FOTOS, CARRETERA DE SAN PEDRO DE ALCANTARA\" width=\"320\" height=\"210\" data-bm=\"44\" \/><\/p>\n<p>La Serran\u00eda de Ronda clama por el estado de sus carreteras<\/p>\n<p>JOS\u00c9 BECERRA<\/p>\n<p>Recuerdo de los a\u00f1os de\u00a0mi ni\u00f1ez la preocupaci\u00f3n constante que exist\u00eda en torno al peligro que entra\u00f1aba circular por la carretera que un\u00eda a Ronda con San Pedro de Alc\u00e1ntara, para llegar hasta M\u00e1laga. Conductores y viajeros se hac\u00edan cruces por riesgo que comportaba transitar por ella y enfrentarse en un tramo de poco menos de 50 kil\u00f3metros sortear nada menos que 365 curvas por un calada angosta asomada a precipicios abismales. Ya, peinando canas y severas arrugas en el rostro, compruebo que la dantesca ruta sigue ofreciendo a quienes se ven obligados a transitarla los mismos riesgos de medio siglo atr\u00e1s. Algo que ratifica la Direcci\u00f3n Provincial de Tr\u00e1fico la cataloga entre las cinco m\u00e1s inseguras de la provincia, lo que provoca que sean muchos los que, en lo posible, le den de lado para evitar riesgos probables.<\/p>\n<p>Como no pod\u00eda ser de otra manera se vienen alzando voces de los pol\u00edticos reclamando soluci\u00f3n para este arduo problema de circulaci\u00f3n por un vial que entra\u00f1a extremar la precauci\u00f3n y que, consecuentemente, ralentiza la circulaci\u00f3n. En concreto, desde las filas del Partido Popular se han enviado enmiendas a los presupuestos auton\u00f3micos para 2018 para que se encare la perentoriedad de remediar las deficientes infraestructuras de la Serran\u00eda de Ronda, particularmente perjudicada por la dejadez de la Junta en cuanto prestarse a dar soluci\u00f3n a este problema que se acrecienta por d\u00edas.<\/p>\n<p>De lo que se trata, y este es el empe\u00f1o del PP, que acaba de poner las cartas sobre la mesa de la Junta, la cual hace nada menos que diez a\u00f1os dio por hecho la construcci\u00f3n de una autov\u00eda que viniera a solventar los peligros que entra\u00f1a el recorrido actual a la vez que permitir\u00eda reducir distancias de manera dr\u00e1stica, pero de lo \u201cdicho al hecho, un gran trecho\u201d, que decimos los serranos avezados con las decisiones tard\u00edas o inoperantes de las administraciones p\u00fablicas en lo que a estas tierras del sur, que no pocas veces se abandonan a su suerte para la exasperaci\u00f3n de quienes argumentan leg\u00edtimas reivindicaciones.<\/p>\n<p>Ronda y la Serran\u00eda, comarca y pueblos, gozan de prestancia, por sus paisajes \u00fanicos y brillante pasado hist\u00f3rico, para atraer infinidad de viajeros a sus tierras; pero esta predisposici\u00f3n se acrecentar\u00eda si los medios de comunicaci\u00f3n ofrecieran condiciones \u00f3ptimas. La Junta tiene la palabra para tenderle, en justicia y como se merece, la mano.<\/p>\n","protected":false},"excerpt":{"rendered":"<p>La Serran\u00eda de Ronda clama por el estado de sus carreteras JOS\u00c9 BECERRA Recuerdo de los a\u00f1os de\u00a0mi ni\u00f1ez la preocupaci\u00f3n constante que exist\u00eda en torno al peligro que entra\u00f1aba circular por la carretera que un\u00eda a Ronda con San Pedro de Alc\u00e1ntara, para llegar hasta M\u00e1laga. Conductores y viajeros se hac\u00edan cruces por riesgo [&hellip;]<\/p>\n","protected":false},"author":27495,"featured_media":0,"comment_status":"open","ping_status":"closed","sticky":false,"template":"","format":"standard","meta":[],"categories":[3,21],"tags":[190,958],"_links":{"self":[{"href":"https:\/\/blogs.diariosur.es\/avuelapluma\/wp-json\/wp\/v2\/posts\/3050"}],"collection":[{"href":"https:\/\/blogs.diariosur.es\/avuelapluma\/wp-json\/wp\/v2\/posts"}],"about":[{"href":"https:\/\/blogs.diariosur.es\/avuelapluma\/wp-json\/wp\/v2\/types\/post"}],"author":[{"embeddable":true,"href":"https:\/\/blogs.diariosur.es\/avuelapluma\/wp-json\/wp\/v2\/users\/27495"}],"replies":[{"embeddable":true,"href":"https:\/\/blogs.diariosur.es\/avuelapluma\/wp-json\/wp\/v2\/comments?post=3050"}],"version-history":[{"count":3,"href":"https:\/\/blogs.diariosur.es\/avuelapluma\/wp-json\/wp\/v2\/posts\/3050\/revisions"}],"predecessor-version":[{"id":3053,"href":"https:\/\/blogs.diariosur.es\/avuelapluma\/wp-json\/wp\/v2\/posts\/3050\/revisions\/3053"}],"wp:attachment":[{"href":"https:\/\/blogs.diariosur.es\/avuelapluma\/wp-json\/wp\/v2\/media?parent=3050"}],"wp:term":[{"taxonomy":"category","embeddable":true,"href":"https:\/\/blogs.diariosur.es\/avuelapluma\/wp-json\/wp\/v2\/categories?post=3050"},{"taxonomy":"post_tag","embeddable":true,"href":"https:\/\/blogs.diariosur.es\/avuelapluma\/wp-json\/wp\/v2\/tags?post=3050"}],"curies":[{"name":"wp","href":"https:\/\/api.w.org\/{rel}","templated":true}]}}