{"id":3060,"date":"2017-11-16T12:10:18","date_gmt":"2017-11-16T11:10:18","guid":{"rendered":"http:\/\/blogs.diariosur.es\/avuelapluma\/?p=3060"},"modified":"2017-11-16T12:11:13","modified_gmt":"2017-11-16T11:11:13","slug":"ausencias-de-lluvias-y-rogativas-de-antano","status":"publish","type":"post","link":"https:\/\/blogs.diariosur.es\/avuelapluma\/2017\/11\/16\/ausencias-de-lluvias-y-rogativas-de-antano\/","title":{"rendered":"Ausencias de lluvias y rogativas de anta\u00f1o"},"content":{"rendered":"<p><a href=\"https:\/\/www.verpueblos.com\/andalucia\/malaga\/benaojan\/foto\/269261\/\" rel=\"external nofollow\"><img loading=\"lazy\" id=\"foto_principal\" title=\"san marcos patron de Benaoj\u00e1n\" src=\"https:\/\/www.verpueblos.com\/fotos_originales\/8\/0\/0\/00854800.jpg\" width=\"730\" height=\"410\" \/><\/a><\/p>\n<p>&nbsp;<\/p>\n<p>Ausencias de lluvias y rogativas de anta\u00f1o<\/p>\n<p>El problema de la pertinaz sequ\u00eda que venimos sufriendo en la provincia de M\u00e1laga protagoniz\u00f3 buena parte del debate sobre el Estado de la Comunidad celebrado en el sevillano Hospital de los Cinco Llagas, sede del Parlamento Andaluz, hace un par de d\u00edas. No era para menos, es \u00e9ste un problema acuciante que se acrecienta por d\u00edas a la vista de que los cielos de la regi\u00f3n se empe\u00f1an en eternizar su azul intenso y sin se\u00f1ales de que venga a empa\u00f1arse con negros nubarrones precursores de ansiadas lluvias. Tanto es as\u00ed que la presidenta del ente auton\u00f3mico, Susana D\u00edaz, anunci\u00f3 la creaci\u00f3n de un decreto-ley sobre la problem\u00e1tica de la sequ\u00eda y los medios que se podr\u00edan aplicar para contrarrestarla. Al mismo tiempo apremi\u00f3 al Estado central para que asuma sus competencias para resolver el problema m\u00e1s temprano que tarde.<\/p>\n<p>El Partido Popular de M\u00e1laga, por su parte, ante la grave situaci\u00f3n de la sequ\u00eda acaba de impulsar una \u201cMesa del agua\u201d en la que comprometi\u00f3 al PSOE a participar, para que de manera pactada se afronte de una vez por todas remediar estas carencias que de manera c\u00edclicas abaten la provincia poniendo en marchas infraestructuras que vengan a resolver las carencias.<\/p>\n<p>No es la primera vez que la Junta de Andaluc\u00eda tiene que mojarse \u2013expresi\u00f3n esta que viene al pelo \u2013 como ya lo hizo en anteriores ocasiones decretando soluciones para prolongadas sequias en el \u00e1mbito malague\u00f1o y andaluz, en lo que va de siglo. La carencia de recursos h\u00eddricos de ahora determina que se vuelva a clamar por la soluci\u00f3n de un problema que golpea de nuevo a la regi\u00f3n y que exige medidas pactadas para solucionarlos con involucraci\u00f3n los distintos partidos pol\u00edticos en una empresa en com\u00fan con un mismo objetivo.<\/p>\n<p>Se muestran esquivas las lluvias sobre el suelo patrio, y particularmente en Andaluc\u00eda en donde el sequeral se adue\u00f1a del territorio. Unas preguntas angustiosas empiezan ya a perge\u00f1arse en quienes sufrimos la espantada del l\u00edquido elemento, reacio a visitarnos: \u00bfD\u00f3nde fueron las lluvias? \u00bfQu\u00e9 recovecos buscaron para ocultarse y no dejarse ver por quienes clamamos por su presencia? Los interrogantes no parecen tener respuesta ni a\u00fan en los meteor\u00f3logos que auscultan los cielos y no ven ni rastro de nubes en el horizonte y no vaticinan sino sequedad ac\u00e9rrima y ausencia de la m\u00e1s m\u00ednima apariencia de humedad.<\/p>\n<p>En el serrano pueblo del Benaoj\u00e1n de mis ancestros cuando en pleno mes de Abril en el que el sol se adue\u00f1aba como se\u00f1or absoluto del firmamento, y ni por asomo se vislumbran nubes que vinieran a presagiar lluvias, coincidiendo con la celebraci\u00f3n de festejos anuales en su honor, se organizaba una procesi\u00f3n que llevaba en andas al Santo Evangelista hasta las cercan\u00edas de los campos lim\u00edtrofes. All\u00ed, se alzaban plegarias de este tenor: \u00a1\u201cSan Marcos, mira mis garbanzos que no florecen!\u201d, \u201c\u00a1Contempla mi trigo que no acaba de germinar!\u201d y otras preces parecidas. Hasta hab\u00eda quien de manera irreverente gritaba \u201c \u00a1San Marcos Bendito, Patr\u00f3n Soberano, como no nos eches aguas al pozo te echamos!\u201d.<\/p>\n<p>El Pozo de San Marcos qued\u00f3 para la posteridad como santo y se\u00f1a conspicua del pueblo, porque lo cierto es que no pocas veces las anheladas lluvias llegaban d\u00edas despu\u00e9s de la comitiva. A lo mejor ser\u00eda \u00e9sta una soluci\u00f3n para la contumaz ausencia de precipitaciones que hoy por hoy asola la provincia, dicho sea con el respeto y cierta\u00a0 sorna que mis lectores sabr\u00e1n perdonar.<\/p>\n<p>&nbsp;<\/p>\n<p>&nbsp;<\/p>\n<p>&nbsp;<\/p>\n","protected":false},"excerpt":{"rendered":"<p>&nbsp; Ausencias de lluvias y rogativas de anta\u00f1o El problema de la pertinaz sequ\u00eda que venimos sufriendo en la provincia de M\u00e1laga protagoniz\u00f3 buena parte del debate sobre el Estado de la Comunidad celebrado en el sevillano Hospital de los Cinco Llagas, sede del Parlamento Andaluz, hace un par de d\u00edas. No era para menos, [&hellip;]<\/p>\n","protected":false},"author":27495,"featured_media":0,"comment_status":"open","ping_status":"closed","sticky":false,"template":"","format":"standard","meta":[],"categories":[3],"tags":[88,634,934],"_links":{"self":[{"href":"https:\/\/blogs.diariosur.es\/avuelapluma\/wp-json\/wp\/v2\/posts\/3060"}],"collection":[{"href":"https:\/\/blogs.diariosur.es\/avuelapluma\/wp-json\/wp\/v2\/posts"}],"about":[{"href":"https:\/\/blogs.diariosur.es\/avuelapluma\/wp-json\/wp\/v2\/types\/post"}],"author":[{"embeddable":true,"href":"https:\/\/blogs.diariosur.es\/avuelapluma\/wp-json\/wp\/v2\/users\/27495"}],"replies":[{"embeddable":true,"href":"https:\/\/blogs.diariosur.es\/avuelapluma\/wp-json\/wp\/v2\/comments?post=3060"}],"version-history":[{"count":2,"href":"https:\/\/blogs.diariosur.es\/avuelapluma\/wp-json\/wp\/v2\/posts\/3060\/revisions"}],"predecessor-version":[{"id":3062,"href":"https:\/\/blogs.diariosur.es\/avuelapluma\/wp-json\/wp\/v2\/posts\/3060\/revisions\/3062"}],"wp:attachment":[{"href":"https:\/\/blogs.diariosur.es\/avuelapluma\/wp-json\/wp\/v2\/media?parent=3060"}],"wp:term":[{"taxonomy":"category","embeddable":true,"href":"https:\/\/blogs.diariosur.es\/avuelapluma\/wp-json\/wp\/v2\/categories?post=3060"},{"taxonomy":"post_tag","embeddable":true,"href":"https:\/\/blogs.diariosur.es\/avuelapluma\/wp-json\/wp\/v2\/tags?post=3060"}],"curies":[{"name":"wp","href":"https:\/\/api.w.org\/{rel}","templated":true}]}}