{"id":3065,"date":"2017-11-20T10:30:55","date_gmt":"2017-11-20T09:30:55","guid":{"rendered":"http:\/\/blogs.diariosur.es\/avuelapluma\/?p=3065"},"modified":"2017-11-20T10:40:53","modified_gmt":"2017-11-20T09:40:53","slug":"espana-y-la-senectud-prodigiosa","status":"publish","type":"post","link":"https:\/\/blogs.diariosur.es\/avuelapluma\/2017\/11\/20\/espana-y-la-senectud-prodigiosa\/","title":{"rendered":"Espa\u00f1a y la senectud prodigiosa"},"content":{"rendered":"<p><img title=\"Mano, Manos, Viejo, Tercera Edad\" src=\"https:\/\/cdn.pixabay.com\/photo\/2017\/10\/31\/20\/56\/hand-2906456__340.jpg\" srcset=\"https:\/\/cdn.pixabay.com\/photo\/2017\/10\/31\/20\/56\/hand-2906456__340.jpg 1x, https:\/\/cdn.pixabay.com\/photo\/2017\/10\/31\/20\/56\/hand-2906456__480.jpg 2x\" alt=\"Mano, Manos, Viejo, Tercera Edad, Ipad\" \/><\/p>\n<p>Espa\u00f1a y la senectud prodigiosa<\/p>\n<p>Jos\u00e9 Becerra<\/p>\n<p>Lo dicen expertos en demograf\u00eda que estudiaron muy recientemente la esperanza de vida de los espa\u00f1oles: conquistamos, dando la mano a Jap\u00f3n por el mismo concepto, la mayor esperanza de permanecer en este mundo vivitos y coleando, distanciado del resto de los pa\u00edses del mundo. Desde 1960, la esperanza de vida en Espa\u00f1a ha aumentado m\u00e1s de 15 a\u00f1os. Puede que la calidad de vida de los mayores haya empeorado \u00faltimamente como signo evidente e ineludible en los \u00faltimos tiempos, lo que no es \u00f3bice para poder escalar ese primer puesto de longevidad en la escala mundial que refleja la continuidad en este <em>hit parade<\/em> de la supervivencia de los distintos pueblos del globo terr\u00e1queo.<\/p>\n<p>En la otra punta inicial de nuestra condici\u00f3n vegetativa se atestigua por las mismas fuentes cient\u00edficas que permanecemos en los primeros puestos de la menor mortalidad infantil. Estas halag\u00fce\u00f1as certezas, entre otras que hablan de la supremac\u00eda del pa\u00eds, por ejemplo, en los trasplantes de \u00f3rganos en centros hospitalarios p\u00fablicos, no se reconocen por quienes se muestran detractores a ultranza de las mejoras de vida que hemos conquistados en las \u00faltimas d\u00e9cadas, por el prurito trasnochado, caso ahora de los separatistas catalanes, vienen esgrimiendo como una bandera desplegada al viento lo de \u201cEspa\u00f1a nos roba\u201d, y usurpa derechos. Se arrogan el derecho de contradecir lo que se muestra palpable en el sentir ciudadano y que no comulga con su ideario trasnochado e inasumible de secesi\u00f3n a ultranza caiga quien caiga.<\/p>\n<p>La longevidad de los mayores, entre los que me cuento, que alcanza cotas inimaginables en comparaci\u00f3n con \u00e9pocas de penuria felizmente superadas, incita a que se haga caso omiso a las invectivas de quienes se afanan en pintarnos oprobiosos escenarios que no se corresponden con la realidad por muchos que estos detractores de la realidad, que ahora est\u00e1n en la mente de todos, lo esgriman y se empe\u00f1en en reafirmarlos. Senectud prodigiosa la nuestra que no tenemos por menos que agradecer a quienes, de una manera u otra, la hacen posible.<\/p>\n<p>Alguien dijo, con toda la raz\u00f3n del mundo, que envejecer es como escalar una gran monta\u00f1a; mientras ascendemos la fuerzas disminuyen, pero la mirada es m\u00e1s libre, la vista m\u00e1s amplia y serena. En esta certeza nos cobijamos quienes escalamos ya, no la tercera edad, sino la cuarta y \u00faltima.<\/p>\n<p>&nbsp;<\/p>\n<p>&nbsp;<\/p>\n","protected":false},"excerpt":{"rendered":"<p>Espa\u00f1a y la senectud prodigiosa Jos\u00e9 Becerra Lo dicen expertos en demograf\u00eda que estudiaron muy recientemente la esperanza de vida de los espa\u00f1oles: conquistamos, dando la mano a Jap\u00f3n por el mismo concepto, la mayor esperanza de permanecer en este mundo vivitos y coleando, distanciado del resto de los pa\u00edses del mundo. Desde 1960, la [&hellip;]<\/p>\n","protected":false},"author":27495,"featured_media":0,"comment_status":"open","ping_status":"closed","sticky":false,"template":"","format":"standard","meta":[],"categories":[5],"tags":[87,1051],"_links":{"self":[{"href":"https:\/\/blogs.diariosur.es\/avuelapluma\/wp-json\/wp\/v2\/posts\/3065"}],"collection":[{"href":"https:\/\/blogs.diariosur.es\/avuelapluma\/wp-json\/wp\/v2\/posts"}],"about":[{"href":"https:\/\/blogs.diariosur.es\/avuelapluma\/wp-json\/wp\/v2\/types\/post"}],"author":[{"embeddable":true,"href":"https:\/\/blogs.diariosur.es\/avuelapluma\/wp-json\/wp\/v2\/users\/27495"}],"replies":[{"embeddable":true,"href":"https:\/\/blogs.diariosur.es\/avuelapluma\/wp-json\/wp\/v2\/comments?post=3065"}],"version-history":[{"count":2,"href":"https:\/\/blogs.diariosur.es\/avuelapluma\/wp-json\/wp\/v2\/posts\/3065\/revisions"}],"predecessor-version":[{"id":3067,"href":"https:\/\/blogs.diariosur.es\/avuelapluma\/wp-json\/wp\/v2\/posts\/3065\/revisions\/3067"}],"wp:attachment":[{"href":"https:\/\/blogs.diariosur.es\/avuelapluma\/wp-json\/wp\/v2\/media?parent=3065"}],"wp:term":[{"taxonomy":"category","embeddable":true,"href":"https:\/\/blogs.diariosur.es\/avuelapluma\/wp-json\/wp\/v2\/categories?post=3065"},{"taxonomy":"post_tag","embeddable":true,"href":"https:\/\/blogs.diariosur.es\/avuelapluma\/wp-json\/wp\/v2\/tags?post=3065"}],"curies":[{"name":"wp","href":"https:\/\/api.w.org\/{rel}","templated":true}]}}