{"id":3079,"date":"2017-11-29T10:43:40","date_gmt":"2017-11-29T09:43:40","guid":{"rendered":"http:\/\/blogs.diariosur.es\/avuelapluma\/?p=3079"},"modified":"2017-11-29T10:50:32","modified_gmt":"2017-11-29T09:50:32","slug":"la-leccion-de-alemania","status":"publish","type":"post","link":"https:\/\/blogs.diariosur.es\/avuelapluma\/2017\/11\/29\/la-leccion-de-alemania\/","title":{"rendered":"La lecci\u00f3n de Alemania"},"content":{"rendered":"<p><img loading=\"lazy\" class=\"mainImage accessible nofocus\" tabindex=\"0\" title=\"Ver imagen de origen\" src=\"\/\/www.ayuntamiento.org\/fotos\/ayuntamiento-benaojan-3404722.jpg\" alt=\"Resultado de imagen de imagenes de benaojan\" width=\"500\" height=\"375\" data-bm=\"13\" \/><\/p>\n<p>La lecci\u00f3n de Alemania<\/p>\n<p>Hablar de Alemania en muchos lugares de Espa\u00f1a, aquellos que encontraron en ese pa\u00eds soluci\u00f3n a end\u00e9micos problemas no ya solo econ\u00f3micos sino de pura supervivencia personal y familiar por medio de la emigraci\u00f3n hacia sus tierras, es como hablar de la Providencia que vino a remediar sus males. Del pa\u00eds teut\u00f3n volvieron, despu\u00e9s de a\u00f1os de trabajo \u2013 el que en las comarcas donde vivieron buena parte de sus vidas les negaba- con suficientes haberes pecuniarios para rehacer la existencia: se construyeron viviendas, se reformaron las ya vetustas o ruinosas y se emprendieron negocios y modos de vida imposibles en los a\u00f1os de penuria econ\u00f3mica. Alemania fue mod\u00e9lica para muchos pa\u00edses en los a\u00f1os 60 y 70 del pasado siglo, cuyos habitantes se debat\u00edan en la inopia, entre ellas varias regiones de Espa\u00f1a, a saber, la de una parte de la Andaluc\u00eda paup\u00e9rrima, en la que descollaban, en la provincia de M\u00e1laga, comarcas secularmente atrasadas como las de la Serran\u00eda de Ronda, que conozco de primera mano. Se habl\u00f3 entonces con propiedad del milagro alem\u00e1n basado en su econom\u00eda boyante y de las altas cotas de bienestar de su clase obrera y de la favorable acogida que se dispensaba a quienes atravesaban sus fronteras despu\u00e9s de un largo periplo por media Europa.<\/p>\n<p>Fueron aqu\u00e9llos a\u00f1os de carencias sin cuento, y los traigo a colaci\u00f3n por motivos bien distintos. Resurgi\u00f3 la econom\u00eda espa\u00f1ola, y aunque el fantasma del paro muestra su cariz para muchos, de justicia es reconocer que los tiempos son ahora bien diferentes. Pero hay algo que en lo pol\u00edtico conviene subrayar al hilo de los acontecimientos que vivimos en los \u00faltimos tiempos y en la que regiones como la de Catalu\u00f1a, donde de la mano de sus pol\u00edticos descabellados de turno se est\u00e1n viviendo d\u00edas de desgobierno inauditos, permanece sumida poco menos que en el caos con el consiguiente perjuicio para el resto del pa\u00eds.<\/p>\n<p>En la naci\u00f3n germana, el SPD, que tiene evidentes concomitancias con el PSOE espa\u00f1ol, est\u00e1 porfiando para que su cabeza m\u00e1s visible, Martin Schulz, no ponga obst\u00e1culos a fin de que se restaure la gran coalici\u00f3n ya establecida y que asegura un nuevo mandato \u2013 el cuarto- a Angela Merkel. No pondr\u00e1 impedimentos porque ambos vienen formando un t\u00e1ndem a favor del proyecto europeo, pese a que sus partidos compitan por el mismo electorado.<\/p>\n<p>La canciller teutona no atraviesa precisamente los mejores a\u00f1os de su carrera pol\u00edtica, algo que se evidenci\u00f3 en las \u00faltimas elecciones legislativas, donde solo por la m\u00ednima, para emplear un concepto deportivo, logr\u00f3 reafirmar su posici\u00f3n al frente del Gobierno, tocada adem\u00e1s por la cuesti\u00f3n de los refugiados que no es que la gestionara incorrectamente, sino que obedeci\u00f3 en buena medida al feroz acoso que recibi\u00f3 por parte de quienes abanderaban movimientos xen\u00f3fobos que no le perdonaron que abriera la mano con el fin de acoger a tanta gente desesperada procedente de allende fronteras.<\/p>\n<p>El PSOE nuestro y su l\u00edder por ahora indiscutible, Pedro S\u00e1nchez, est\u00e1 muy lejos de ofrecer su ayuda incondicional a Rajoy \u2013 que ahora no goza precisamente de su mejor momento, todo hay que decirlo &#8211; en cuestiones dif\u00edciles de esta Espa\u00f1a nuestra. De Pablo Iglesias y Podemos qu\u00e9 decir de la visceral inquina que le profesan. Cierto que S\u00e1nchez, con Ciudadanos, se aprest\u00f3 a tenderle la mano en la palpitante cuesti\u00f3n catalana, pero m\u00e1s all\u00e1 de este compromiso, es evidente que le vuelve la espalda en cualquiera de otros asuntos en los que tambi\u00e9n ser\u00eda necesario su apoyo para la gobernabilidad del pa\u00eds, algo que tan de lleno interesa al ciudadano de a pie que no anhela otra cosa que el discurrir placentero de sus d\u00edas desde el rinc\u00f3n m\u00e1s c\u00f3modo de su casa con todo el derecho del mundo.<\/p>\n","protected":false},"excerpt":{"rendered":"<p>La lecci\u00f3n de Alemania Hablar de Alemania en muchos lugares de Espa\u00f1a, aquellos que encontraron en ese pa\u00eds soluci\u00f3n a end\u00e9micos problemas no ya solo econ\u00f3micos sino de pura supervivencia personal y familiar por medio de la emigraci\u00f3n hacia sus tierras, es como hablar de la Providencia que vino a remediar sus males. Del pa\u00eds [&hellip;]<\/p>\n","protected":false},"author":27495,"featured_media":0,"comment_status":"open","ping_status":"closed","sticky":false,"template":"","format":"standard","meta":[],"categories":[3,8,21],"tags":[68,430,833],"_links":{"self":[{"href":"https:\/\/blogs.diariosur.es\/avuelapluma\/wp-json\/wp\/v2\/posts\/3079"}],"collection":[{"href":"https:\/\/blogs.diariosur.es\/avuelapluma\/wp-json\/wp\/v2\/posts"}],"about":[{"href":"https:\/\/blogs.diariosur.es\/avuelapluma\/wp-json\/wp\/v2\/types\/post"}],"author":[{"embeddable":true,"href":"https:\/\/blogs.diariosur.es\/avuelapluma\/wp-json\/wp\/v2\/users\/27495"}],"replies":[{"embeddable":true,"href":"https:\/\/blogs.diariosur.es\/avuelapluma\/wp-json\/wp\/v2\/comments?post=3079"}],"version-history":[{"count":3,"href":"https:\/\/blogs.diariosur.es\/avuelapluma\/wp-json\/wp\/v2\/posts\/3079\/revisions"}],"predecessor-version":[{"id":3082,"href":"https:\/\/blogs.diariosur.es\/avuelapluma\/wp-json\/wp\/v2\/posts\/3079\/revisions\/3082"}],"wp:attachment":[{"href":"https:\/\/blogs.diariosur.es\/avuelapluma\/wp-json\/wp\/v2\/media?parent=3079"}],"wp:term":[{"taxonomy":"category","embeddable":true,"href":"https:\/\/blogs.diariosur.es\/avuelapluma\/wp-json\/wp\/v2\/categories?post=3079"},{"taxonomy":"post_tag","embeddable":true,"href":"https:\/\/blogs.diariosur.es\/avuelapluma\/wp-json\/wp\/v2\/tags?post=3079"}],"curies":[{"name":"wp","href":"https:\/\/api.w.org\/{rel}","templated":true}]}}