{"id":3085,"date":"2017-12-01T13:43:26","date_gmt":"2017-12-01T12:43:26","guid":{"rendered":"http:\/\/blogs.diariosur.es\/avuelapluma\/?p=3085"},"modified":"2017-12-01T13:43:26","modified_gmt":"2017-12-01T12:43:26","slug":"llueve-2","status":"publish","type":"post","link":"https:\/\/blogs.diariosur.es\/avuelapluma\/2017\/12\/01\/llueve-2\/","title":{"rendered":"\u00a1Llueve!"},"content":{"rendered":"<pre><span style=\"color: #333333; font-family: 'Arial Black',sans-serif; font-size: 14pt;\">\u00a1Llueve!<\/span><\/pre>\n<pre><span style=\"color: #333333; font-family: 'Arial Black',sans-serif; font-size: 9pt;\">Jos\u00e9 BECERRA<\/span><\/pre>\n<pre><span style=\"color: #333333; font-family: 'Arial Black',sans-serif; font-size: 14pt;\">Se hizo esperar, pero lleg\u00f3. El chisporroteo de la lluvia sacude los cristales de mi ventana, con todo lo deleitable que eso puede ser despu\u00e9s de un largo y terco verano\u00a0 que ni por asomo daba muestras de perecer.\u00a0\u00a0 A muchos este ruidillo pertinaz\u00a0 les sonar\u00e1 a salmodia gloriosa. No es para menos. Dijo adi\u00f3s el verano y deseamos que se vaya con viento fresco y no muestre su cariz agotador por mucho tiempo.<\/span><\/pre>\n<pre><span style=\"color: #333333; font-family: 'Arial Black',sans-serif; font-size: 14pt;\">\u00a0\u00a0 Dicen sapientes meteor\u00f3logos que este invierno que acaba de pintar\u00a0 trazos ciertos de llegada \u2013 la lluvia en M\u00e1laga y provincia est\u00e1 siendo copiosa y ben\u00e9fica pese a contratiempos ocasionado a viandantes por calles anegadas y tr\u00e1fago dif\u00edcil\u00a0 \u2013 merced esta estaci\u00f3n invernal que se inicia, va ser pr\u00f3digo en lluvias. Pero estos vaticinios, como tales, no siempre se cumplen a rajatabla; y aunque acierten, no podemos obviar una cuesti\u00f3n que hoy por hoy aletea sobre este planeta\u00a0 nuestro y que no es otra que la amenaza latente de un aumento de la temperatura. A nivel global el clima sufre trastornos evidentes y hora es ya de que se establezcan soluciones para hacer frente a una sequ\u00eda que poco a poco est\u00e1 tendiendo sus tent\u00e1culos con prolongados per\u00edodos sobre la sufrida corteza terr\u00e1quea.<\/span><\/pre>\n<pre><span style=\"color: #333333; font-family: 'Arial Black',sans-serif; font-size: 14pt;\">\u00a0\u00a0 Lo que importa ahora es que el agua, que a veces es una bendici\u00f3n del Cielo, si no que se lo digan a los agricultores que sembraron cultivos de invierno y languidec\u00edan a ojos vista por el sequeral imperante; lo que conviene ahora, digo, es que se preserve esa agua para cuando regresen los tiempos secos o de tormentas impetuosas con el l\u00edquido elemento imposible de detener en su discurrir hasta el mar. O sea, que urge una nueva pol\u00edtica del agua, para que este bien convenientemente dome\u00f1ado se trasvase a pantanos construidos ad hoc, que posibiliten una reserva para cuando vuelvan los meses \u00e1ridos, que volver\u00e1n\u00a0 y de nueve nos coger\u00e1n desprevenidos si no hay quienes le remedien. <\/span><\/pre>\n<pre><span style=\"color: #333333; font-family: 'Arial Black',sans-serif; font-size: 14pt;\">\u00a0\u00a0Los pol\u00edticos que\u00a0 sientan sus reales en Gobierno y Parlamento deber\u00edan preocuparse por el clima en Espa\u00f1a y sentar las bases para solucionar un problema decisivo, el del agua, que venga a poner coto a situaciones cr\u00edticas del campo y la ciudad condenados al bald\u00edo, los incendios y la poluci\u00f3n m\u00e1s desaforada.<\/span><\/pre>\n<pre><span style=\"color: #333333; font-family: 'Arial Black',sans-serif; font-size: 14pt;\">\u00a0\u00a0\u00a0\u00a0 Llueve, s\u00ed, pero que esa agua nos beneficie a la larga si\u00a0 han sabido ser consecuentes y\u00a0 precavidos quienes nos rigen desde las altas instituciones pol\u00edticas ya sean las\u00a0 del Estado o de la Comunidad Aut\u00f3noma correspondiente.<\/span><\/pre>\n<p><span style=\"color: black; font-family: 'Calibri',sans-serif;\">\u00a0<\/span><\/p>\n<p>&nbsp;<\/p>\n","protected":false},"excerpt":{"rendered":"<p>\u00a1Llueve! Jos\u00e9 BECERRA Se hizo esperar, pero lleg\u00f3. El chisporroteo de la lluvia sacude los cristales de mi ventana, con todo lo deleitable que eso puede ser despu\u00e9s de un largo y terco verano\u00a0 que ni por asomo daba muestras de perecer.\u00a0\u00a0 A muchos este ruidillo pertinaz\u00a0 les sonar\u00e1 a salmodia gloriosa. No es para [&hellip;]<\/p>\n","protected":false},"author":27495,"featured_media":0,"comment_status":"open","ping_status":"closed","sticky":false,"template":"","format":"standard","meta":[],"categories":[3,17,21],"tags":[1090,645],"_links":{"self":[{"href":"https:\/\/blogs.diariosur.es\/avuelapluma\/wp-json\/wp\/v2\/posts\/3085"}],"collection":[{"href":"https:\/\/blogs.diariosur.es\/avuelapluma\/wp-json\/wp\/v2\/posts"}],"about":[{"href":"https:\/\/blogs.diariosur.es\/avuelapluma\/wp-json\/wp\/v2\/types\/post"}],"author":[{"embeddable":true,"href":"https:\/\/blogs.diariosur.es\/avuelapluma\/wp-json\/wp\/v2\/users\/27495"}],"replies":[{"embeddable":true,"href":"https:\/\/blogs.diariosur.es\/avuelapluma\/wp-json\/wp\/v2\/comments?post=3085"}],"version-history":[{"count":2,"href":"https:\/\/blogs.diariosur.es\/avuelapluma\/wp-json\/wp\/v2\/posts\/3085\/revisions"}],"predecessor-version":[{"id":3087,"href":"https:\/\/blogs.diariosur.es\/avuelapluma\/wp-json\/wp\/v2\/posts\/3085\/revisions\/3087"}],"wp:attachment":[{"href":"https:\/\/blogs.diariosur.es\/avuelapluma\/wp-json\/wp\/v2\/media?parent=3085"}],"wp:term":[{"taxonomy":"category","embeddable":true,"href":"https:\/\/blogs.diariosur.es\/avuelapluma\/wp-json\/wp\/v2\/categories?post=3085"},{"taxonomy":"post_tag","embeddable":true,"href":"https:\/\/blogs.diariosur.es\/avuelapluma\/wp-json\/wp\/v2\/tags?post=3085"}],"curies":[{"name":"wp","href":"https:\/\/api.w.org\/{rel}","templated":true}]}}