{"id":3106,"date":"2017-12-20T09:19:13","date_gmt":"2017-12-20T08:19:13","guid":{"rendered":"http:\/\/blogs.diariosur.es\/avuelapluma\/?p=3106"},"modified":"2017-12-20T09:19:13","modified_gmt":"2017-12-20T08:19:13","slug":"penurias-y-exclusion-social","status":"publish","type":"post","link":"https:\/\/blogs.diariosur.es\/avuelapluma\/2017\/12\/20\/penurias-y-exclusion-social\/","title":{"rendered":"Penurias y exclusi\u00f3n social"},"content":{"rendered":"<p>&nbsp;<\/p>\n<p>Penurias y exclusi\u00f3n social<\/p>\n<p>Son dos vocablos los de arriba que nos retrotraen a \u00e9pocas pasadas en las que esta situaci\u00f3n de depauperaci\u00f3n era generalizada en tierras andaluzas. Nuevos tiempos y distintas situaciones, en las que tuvieron un principal\u00edsimo papel las masivas emigraciones hacia otras latitudes de Europa, acabaron en muchos pueblos andaluces con una enquistada penuria que pudo trastocarse en situaciones significativamente m\u00e1s halag\u00fce\u00f1as. Nuevos tiempos son los que hoy por hoy atravesamos; sin embargo, y pese al canto victorioso de quienes ostentan cargos econ\u00f3micos en las m\u00e1s altas magistraturas del Estado relativas a nuestro auge econ\u00f3mico, lo cierto es que la pobreza y la exclusi\u00f3n social juegan un inequ\u00edvoco papel adverso en el solar andaluz. Algo que acaba de ponerse en relieve la Asociaci\u00f3n Pro Derechos Humanos de Andaluc\u00eda, haciendo hincapi\u00e9 en un dato desolador: se mantienen al margen de la tan cacareada recuperaci\u00f3n econ\u00f3mica m\u00e1s del 40% de los andaluces.<\/p>\n<p>Es as\u00ed que no es oro todo lo que reluce, y hay un dato tristemente esclarecedor al respecto: cuatro de cada diez andaluces se las ven y desean para adquirir los alimentos b\u00e1sicos para el condumio diario, atender los recibos del consumo el\u00e9ctrico o hacer frente a imprevistos que nunca faltan en hogares si no menesterosos, s\u00ed faltos de lo m\u00e1s indispensable. La recuperaci\u00f3n econ\u00f3mica de la que se alardea en los medios pol\u00edticos es algo que no se constata en muchos hogares andaluces en los que llegar a fin de mes es toda una odisea. Predomina la penuria y desde la Asociaci\u00f3n se pide al Gobierno andaluz \u201cun compromiso formal para contrarrestar la situaci\u00f3n de pobreza enquistada\u201d. Al Gobierno central se pide que \u201cincremente la inversi\u00f3n con miras a potenciar el empleo\u201d, un mal end\u00e9mico que atenaza a muchos hogares andaluces.<\/p>\n<p>Son d\u00edas estos d\u00edas envueltos en la p\u00e1tina vistosa de la Navidad y Reyes para el jolgorio y la cuchipanda de muchos, pero no para todos, y sin \u00e1nimo de amargar la existencia a quienes holgadamente celebran la fiesta con todo el derecho del mundo, quiz\u00e1s habr\u00eda que tener en cuenta al indubitable hecho de que la pobreza atenaza a cuatro de cada diez andaluces y que son necesarias pol\u00edticas que vengan a paliar el problema d\u00e1ndose la mano ambos Ejecutivos, el aut\u00f3nomo y el central, para paliar en lo posible esta necesidad perentoria.<\/p>\n","protected":false},"excerpt":{"rendered":"<p>&nbsp; Penurias y exclusi\u00f3n social Son dos vocablos los de arriba que nos retrotraen a \u00e9pocas pasadas en las que esta situaci\u00f3n de depauperaci\u00f3n era generalizada en tierras andaluzas. Nuevos tiempos y distintas situaciones, en las que tuvieron un principal\u00edsimo papel las masivas emigraciones hacia otras latitudes de Europa, acabaron en muchos pueblos andaluces con [&hellip;]<\/p>\n","protected":false},"author":27495,"featured_media":0,"comment_status":"open","ping_status":"closed","sticky":false,"template":"","format":"standard","meta":[],"categories":[1],"tags":[],"_links":{"self":[{"href":"https:\/\/blogs.diariosur.es\/avuelapluma\/wp-json\/wp\/v2\/posts\/3106"}],"collection":[{"href":"https:\/\/blogs.diariosur.es\/avuelapluma\/wp-json\/wp\/v2\/posts"}],"about":[{"href":"https:\/\/blogs.diariosur.es\/avuelapluma\/wp-json\/wp\/v2\/types\/post"}],"author":[{"embeddable":true,"href":"https:\/\/blogs.diariosur.es\/avuelapluma\/wp-json\/wp\/v2\/users\/27495"}],"replies":[{"embeddable":true,"href":"https:\/\/blogs.diariosur.es\/avuelapluma\/wp-json\/wp\/v2\/comments?post=3106"}],"version-history":[{"count":1,"href":"https:\/\/blogs.diariosur.es\/avuelapluma\/wp-json\/wp\/v2\/posts\/3106\/revisions"}],"predecessor-version":[{"id":3107,"href":"https:\/\/blogs.diariosur.es\/avuelapluma\/wp-json\/wp\/v2\/posts\/3106\/revisions\/3107"}],"wp:attachment":[{"href":"https:\/\/blogs.diariosur.es\/avuelapluma\/wp-json\/wp\/v2\/media?parent=3106"}],"wp:term":[{"taxonomy":"category","embeddable":true,"href":"https:\/\/blogs.diariosur.es\/avuelapluma\/wp-json\/wp\/v2\/categories?post=3106"},{"taxonomy":"post_tag","embeddable":true,"href":"https:\/\/blogs.diariosur.es\/avuelapluma\/wp-json\/wp\/v2\/tags?post=3106"}],"curies":[{"name":"wp","href":"https:\/\/api.w.org\/{rel}","templated":true}]}}