{"id":3108,"date":"2017-12-23T10:44:15","date_gmt":"2017-12-23T09:44:15","guid":{"rendered":"http:\/\/blogs.diariosur.es\/avuelapluma\/?p=3108"},"modified":"2017-12-23T10:49:57","modified_gmt":"2017-12-23T09:49:57","slug":"incongruencias-de-la-junta-y-alcaldes-desinformados","status":"publish","type":"post","link":"https:\/\/blogs.diariosur.es\/avuelapluma\/2017\/12\/23\/incongruencias-de-la-junta-y-alcaldes-desinformados\/","title":{"rendered":"Incongruencias de la Junta y alcaldes desinformados"},"content":{"rendered":"<p><img loading=\"lazy\" class=\"mainImage accessible nofocus\" tabindex=\"0\" title=\"Ver imagen de origen\" src=\"\/\/benaolla.files.wordpress.com\/2013\/02\/soraya.jpg\" alt=\"Resultado de imagen de imagenes de la alcaldesa de benaojan\" width=\"300\" height=\"400\" \/>Soraya Garc\u00eda, alcaldesa de Benaoj\u00e1n<\/p>\n<p>Foto de Benaolla<\/p>\n<p>Incongruencias de la Junta y alcaldes desinformados<\/p>\n<p>Jos\u00e9 BECERRA<\/p>\n<p>\u00bfQui\u00e9nes habr\u00edan de ser informados antes que nadie cuando los organismos administrativos superiores traen entre manos actuaciones que inciden directamente en el d\u00eda a d\u00eda econ\u00f3mico y social de los pueblos de la regi\u00f3n que aquellos comandan? La respuesta es obvia, o deber\u00eda serlo, pero se da la circunstancia pasmosa de que a veces son las corporaciones municipales inferiores en las que presumiblemente van a recaer las decisiones tomadas en las altas instancias, las que se mantienen en la inopia hasta que se decide informarles de lo que se ha fraguado a sus espaldas, venga o no a solucionar sus asuntos o a prolongarlos en el tiempo. Es lo ha venido a ocurrir ahora cuando la Junta de Andaluc\u00eda proyecta un Plan de Ordenaci\u00f3n del Territorio de la Serran\u00eda de Ronda (POT, para los amigos), y se encuentra en v\u00edas de seleccionar el equipo t\u00e9cnico capaz de encauzar felizmente esta gesti\u00f3n para lo que se barajan media docena de empresas competentes para la tarea requerida. Solivianta, a este tenor, que de la cuesti\u00f3n no ha dicho ni mu a los regidores de los consistorios de los municipios a los que incumben las medidas que finalmente se aprueben al respecto.<\/p>\n<p>La cuesti\u00f3n es que los primeros ediles de la comarca no han recibido el menor informe sobre el proyecto que concierne a cada pueblo por lo que vienen mostrando su descontento por mantenerles obcecadamente olvidados, habida cuenta de que tienen mucho que decir, sobre todo por lo que respecta a las infraestructuras viarias, y que por sus deficiencias manifiestas vienen motivando reiteradas protestas.<\/p>\n<p>Una actitud incongruente de la Junta que rechazan quienes se ven obligados habitualmente a transitar por carreteras que entra\u00f1as dificultades extremas cuando no peligros evidentes, caso del trayecto que une Ronda con San Pedro, transcurrido entre hondonadas y curvas interminables e inquietantes a todas luces. Temor del que se viene haciendo eco los alcaldes de la comarca, entre otros los alcaldes de diferentes signos pol\u00edticos, caso de Pedro Godino (PP) de Gauc\u00edn, o Soraya Garc\u00eda (PSOE) de Benaoj\u00e1n, veladas o claramente manifiestas. \u00c9sta \u00faltima no duda en afirmar que el susodicho Plan, del que por lo visto no ha sido informada pertinentemente cuando ya est\u00e1 en v\u00edas de resoluci\u00f3n, no deber\u00eda obviar la atenci\u00f3n que requieren la regeneraci\u00f3n de las comunicaciones, vitales para el desarrollo del territorio ronde\u00f1o en cualquiera de todas sus manifestaciones. Algo que suscribe sin tapujos la vecindad de las distintas poblaciones afectadas.<\/p>\n<p>&nbsp;<\/p>\n","protected":false},"excerpt":{"rendered":"<p>Soraya Garc\u00eda, alcaldesa de Benaoj\u00e1n Foto de Benaolla Incongruencias de la Junta y alcaldes desinformados Jos\u00e9 BECERRA \u00bfQui\u00e9nes habr\u00edan de ser informados antes que nadie cuando los organismos administrativos superiores traen entre manos actuaciones que inciden directamente en el d\u00eda a d\u00eda econ\u00f3mico y social de los pueblos de la regi\u00f3n que aquellos comandan? La [&hellip;]<\/p>\n","protected":false},"author":27495,"featured_media":0,"comment_status":"open","ping_status":"closed","sticky":false,"template":"","format":"standard","meta":[],"categories":[3,18,21],"tags":[65,1093,958],"_links":{"self":[{"href":"https:\/\/blogs.diariosur.es\/avuelapluma\/wp-json\/wp\/v2\/posts\/3108"}],"collection":[{"href":"https:\/\/blogs.diariosur.es\/avuelapluma\/wp-json\/wp\/v2\/posts"}],"about":[{"href":"https:\/\/blogs.diariosur.es\/avuelapluma\/wp-json\/wp\/v2\/types\/post"}],"author":[{"embeddable":true,"href":"https:\/\/blogs.diariosur.es\/avuelapluma\/wp-json\/wp\/v2\/users\/27495"}],"replies":[{"embeddable":true,"href":"https:\/\/blogs.diariosur.es\/avuelapluma\/wp-json\/wp\/v2\/comments?post=3108"}],"version-history":[{"count":3,"href":"https:\/\/blogs.diariosur.es\/avuelapluma\/wp-json\/wp\/v2\/posts\/3108\/revisions"}],"predecessor-version":[{"id":3111,"href":"https:\/\/blogs.diariosur.es\/avuelapluma\/wp-json\/wp\/v2\/posts\/3108\/revisions\/3111"}],"wp:attachment":[{"href":"https:\/\/blogs.diariosur.es\/avuelapluma\/wp-json\/wp\/v2\/media?parent=3108"}],"wp:term":[{"taxonomy":"category","embeddable":true,"href":"https:\/\/blogs.diariosur.es\/avuelapluma\/wp-json\/wp\/v2\/categories?post=3108"},{"taxonomy":"post_tag","embeddable":true,"href":"https:\/\/blogs.diariosur.es\/avuelapluma\/wp-json\/wp\/v2\/tags?post=3108"}],"curies":[{"name":"wp","href":"https:\/\/api.w.org\/{rel}","templated":true}]}}