{"id":3133,"date":"2018-01-14T13:04:39","date_gmt":"2018-01-14T12:04:39","guid":{"rendered":"http:\/\/blogs.diariosur.es\/avuelapluma\/?p=3133"},"modified":"2018-01-14T13:20:54","modified_gmt":"2018-01-14T12:20:54","slug":"manuel-alcantara-90-venturosas-primaveras","status":"publish","type":"post","link":"https:\/\/blogs.diariosur.es\/avuelapluma\/2018\/01\/14\/manuel-alcantara-90-venturosas-primaveras\/","title":{"rendered":"Manuel Alc\u00e1ntara, 90 venturosas primaveras"},"content":{"rendered":"<p><img loading=\"lazy\" class=\"mainImage accessible nofocus\" tabindex=\"0\" title=\"Ver imagen de origen\" src=\"\/\/static2.absolutmalaga.com\/wp-content\/uploads\/2011\/01\/manuel_alcantara1_301xXx80_859802287.jpg\" alt=\"Resultado de imagen de fotos de manuel alc\u00e1ntara, diariosur\" width=\"500\" height=\"373\" data-bm=\"46\" \/><\/p>\n<p>Manuel Alc\u00e1ntara, 90 venturosas primaveras<\/p>\n<p>Estimado Don Manuel: Acaba de cumplir usted una edad redonda que para s\u00ed quisi\u00e9ramos muchos mortales. Llegar felizmente a nonagenario no es algo de lo que puedan enorgullecerse la mayor parte de lo que seguimos empe\u00f1ados en no abandonar este mundo. Hay que felicitarle por esta longevidad suya que tantos momentos de complacencia nos ha proporcionado desde esa atalaya de SUR en la que plasma cada d\u00eda su proverbial manera de entender la vida y la sagaz exegesis del acontecer diario. Trasladarlo al papel escrito con lo que nos regodeamos sin reservas sus seguidores, es algo que de veras les agradecemos. Usted, admirado Don Manuel, posee un don inefable, que no es otro sino aquel que puede proporcionar a cuantos buscan su art\u00edculo diario el distanciarse de la cotidianidad del acontecer tantas veces tedioso de la vida o que puede exacerbar nuestro sentir. Sus l\u00edneas diarias no soliviantan, sino que serenan; no entristecen, sino que alborozan; no enturbian, sino que iluminan las entendederas de cada cual para calibrar cuanto de inter\u00e9s nos asalta cada d\u00eda y concita nuestra atenci\u00f3n para bien o para mal. Iluminados por el prisma de su opini\u00f3n diaria encaremos los acontecimientos diarios plasmados en las volanderas hojas del peri\u00f3dico de manera diferente: restamos acrimonia a las noticias sobre hechos aciagos y nos mostramos indulgentes sobre los desabridos pareceres de nuestros pol\u00edticos. Raz\u00f3n por la que nos encaramos cada d\u00eda con su columna antes de sumergirnos en la vor\u00e1gine de noticias y escritos que el diario en cuesti\u00f3n nos ofrece. \u00a1Larga vida, don Manuel, para su gozo y nuestro deleite al leerle cada d\u00eda! \u00a1Feliz cumplea\u00f1os!<\/p>\n","protected":false},"excerpt":{"rendered":"<p>Manuel Alc\u00e1ntara, 90 venturosas primaveras Estimado Don Manuel: Acaba de cumplir usted una edad redonda que para s\u00ed quisi\u00e9ramos muchos mortales. Llegar felizmente a nonagenario no es algo de lo que puedan enorgullecerse la mayor parte de lo que seguimos empe\u00f1ados en no abandonar este mundo. Hay que felicitarle por esta longevidad suya que tantos [&hellip;]<\/p>\n","protected":false},"author":27495,"featured_media":0,"comment_status":"open","ping_status":"closed","sticky":false,"template":"","format":"standard","meta":[],"categories":[3,5],"tags":[315,655,1097],"_links":{"self":[{"href":"https:\/\/blogs.diariosur.es\/avuelapluma\/wp-json\/wp\/v2\/posts\/3133"}],"collection":[{"href":"https:\/\/blogs.diariosur.es\/avuelapluma\/wp-json\/wp\/v2\/posts"}],"about":[{"href":"https:\/\/blogs.diariosur.es\/avuelapluma\/wp-json\/wp\/v2\/types\/post"}],"author":[{"embeddable":true,"href":"https:\/\/blogs.diariosur.es\/avuelapluma\/wp-json\/wp\/v2\/users\/27495"}],"replies":[{"embeddable":true,"href":"https:\/\/blogs.diariosur.es\/avuelapluma\/wp-json\/wp\/v2\/comments?post=3133"}],"version-history":[{"count":2,"href":"https:\/\/blogs.diariosur.es\/avuelapluma\/wp-json\/wp\/v2\/posts\/3133\/revisions"}],"predecessor-version":[{"id":3141,"href":"https:\/\/blogs.diariosur.es\/avuelapluma\/wp-json\/wp\/v2\/posts\/3133\/revisions\/3141"}],"wp:attachment":[{"href":"https:\/\/blogs.diariosur.es\/avuelapluma\/wp-json\/wp\/v2\/media?parent=3133"}],"wp:term":[{"taxonomy":"category","embeddable":true,"href":"https:\/\/blogs.diariosur.es\/avuelapluma\/wp-json\/wp\/v2\/categories?post=3133"},{"taxonomy":"post_tag","embeddable":true,"href":"https:\/\/blogs.diariosur.es\/avuelapluma\/wp-json\/wp\/v2\/tags?post=3133"}],"curies":[{"name":"wp","href":"https:\/\/api.w.org\/{rel}","templated":true}]}}