{"id":3142,"date":"2018-01-17T10:23:27","date_gmt":"2018-01-17T09:23:27","guid":{"rendered":"http:\/\/blogs.diariosur.es\/avuelapluma\/?p=3142"},"modified":"2018-01-17T10:44:28","modified_gmt":"2018-01-17T09:44:28","slug":"carreteras-maltrechas-en-la-serrania-de-ronda","status":"publish","type":"post","link":"https:\/\/blogs.diariosur.es\/avuelapluma\/2018\/01\/17\/carreteras-maltrechas-en-la-serrania-de-ronda\/","title":{"rendered":"Carreteras maltrechas  en la Serran\u00eda de Ronda"},"content":{"rendered":"<p><img title=\"El desprendimiento de una roca corta la carretera entre San Pedro y Ronda\" src=\"\/\/www.marbella24horas.es\/images\/noticias\/mini2-1391962276.jpg\" alt=\"El desprendimiento de una roca corta la carretera entre San Pedro y Ronda\" \/><\/p>\n<p>Un desprendimiento en la carretera de San Pedro meses atr\u00e1s (Twuitter)<\/p>\n<p>&nbsp;<\/p>\n<p>Carreteras maltrechas \u00a0en la Serran\u00eda de Ronda<\/p>\n<p>Es de suponer que ser\u00e1 como clamar en el desierto, que hasta ahora maldito caso que se han hecho a las sucesivas reclamaciones sobre el lastimoso estado de las carreteras que cruzan la comarca de Ronda y la que tambi\u00e9n de manera azarosa la unen con M\u00e1laga. Aventurado es transitar por ellas porque pueden convertir en un d\u00eda aciago a quienes lo osen, caso de ese infortunado joven\u00a0que \u00a0pereci\u00f3 d\u00edas atr\u00e1s \u00a0en el tramo que une Benaoj\u00e1n con Ronda conduciendo su moto. Circular por ella se ha convertido en los \u00faltimos tiempos en una odisea, que algunas veces culmina en un accidente mortal, como ese \u00faltimo que hay que lamentar. Hasta ahora han sido plataformas pol\u00edticas las que han dirigido quejas sobre las lamentables condiciones de los viales a las administraciones p\u00fablicas (Diputaci\u00f3n y Comunidad Aut\u00f3noma) que no han logrado sino la callada por respuestas, o en mejor de los casos, dar largas a la pretensi\u00f3n <em>sine d\u00ede<\/em> de llevar a cabo \u00f1a realizaci\u00f3n de proyecto alguno.<\/p>\n<p>Ahora son los ciudadanos quienes cargados de raz\u00f3n reclaman un plan que ponga fin a una situaci\u00f3n que se muestra insostenible a todas luces y que, adem\u00e1s de luctuosos sucesos como el rese\u00f1ado, est\u00e1 resultando un serio h\u00e1ndicap para el desarrollo econ\u00f3mico de los pueblos de la comarca, muchos debati\u00e9ndose en la m\u00e1s absoluta inopia. \u00bfSer\u00eda mucho pedir que las promesas de gobiernos de los m\u00e1s distintos signos cuajasen al fin con la realizaci\u00f3n de una autov\u00eda que una Ronda con la populosa Costa del Sol? Con grandes alharacas se anunci\u00f3 adem\u00e1s la posible llegada del AVE a la ciudad, lo que permitir\u00eda llegar a Madrid por este medio en poco m\u00e1s de 3 horas, las mismas que se emplean en la actualidad para llegar a M\u00e1laga desde la ciudad del Tajo en trenes a\u00f1osos. De nada ha servido hasta ahora que la poblaci\u00f3n ronde\u00f1a haya superado los 30.000 habitantes; por lo visto no son suficientes para que desde las altas instancias administrativas nos saquen de la mengua de comunicaciones que, con ese vecindario,\u00a0\u00a0 no tiene parang\u00f3n en el resto de Espa\u00f1a en donde s\u00ed gozan de ese privilegio.<\/p>\n<p>Consternados por el silencio de las administraciones p\u00fablicas (Diputaci\u00f3n y Comunidad Aut\u00f3noma) a las reiteradas demandas de alcaldes y ciudadanos, acaba de tomar cuerpo una plataforma reivindicativa \u2013 una m\u00e1s de las que ya tomaron cuerpo a\u00f1os atr\u00e1s \u2013 para conseguir una regeneraci\u00f3n de estos viales que ahora se muestran como un serio h\u00e1ndicap para el desarrollo econ\u00f3mico de la zona, aparte de garantizar la seguridad de cuantos con sus veh\u00edculos transitan por ella. Apoyan estas reivindicaciones, que ya son hist\u00f3ricas, alcaldes de la comarca ronde\u00f1a, impelidos por la urgencia de acabar con estas irregularidades que coartan o ponen en peligro vidas y haciendas de la ciudadan\u00eda del entorno.<\/p>\n<p>&nbsp;<\/p>\n<p>&nbsp;<\/p>\n","protected":false},"excerpt":{"rendered":"<p>Un desprendimiento en la carretera de San Pedro meses atr\u00e1s (Twuitter) &nbsp; Carreteras maltrechas \u00a0en la Serran\u00eda de Ronda Es de suponer que ser\u00e1 como clamar en el desierto, que hasta ahora maldito caso que se han hecho a las sucesivas reclamaciones sobre el lastimoso estado de las carreteras que cruzan la comarca de Ronda [&hellip;]<\/p>\n","protected":false},"author":27495,"featured_media":0,"comment_status":"open","ping_status":"closed","sticky":false,"template":"","format":"standard","meta":[],"categories":[3,21],"tags":[190,1098,922,956],"_links":{"self":[{"href":"https:\/\/blogs.diariosur.es\/avuelapluma\/wp-json\/wp\/v2\/posts\/3142"}],"collection":[{"href":"https:\/\/blogs.diariosur.es\/avuelapluma\/wp-json\/wp\/v2\/posts"}],"about":[{"href":"https:\/\/blogs.diariosur.es\/avuelapluma\/wp-json\/wp\/v2\/types\/post"}],"author":[{"embeddable":true,"href":"https:\/\/blogs.diariosur.es\/avuelapluma\/wp-json\/wp\/v2\/users\/27495"}],"replies":[{"embeddable":true,"href":"https:\/\/blogs.diariosur.es\/avuelapluma\/wp-json\/wp\/v2\/comments?post=3142"}],"version-history":[{"count":3,"href":"https:\/\/blogs.diariosur.es\/avuelapluma\/wp-json\/wp\/v2\/posts\/3142\/revisions"}],"predecessor-version":[{"id":3145,"href":"https:\/\/blogs.diariosur.es\/avuelapluma\/wp-json\/wp\/v2\/posts\/3142\/revisions\/3145"}],"wp:attachment":[{"href":"https:\/\/blogs.diariosur.es\/avuelapluma\/wp-json\/wp\/v2\/media?parent=3142"}],"wp:term":[{"taxonomy":"category","embeddable":true,"href":"https:\/\/blogs.diariosur.es\/avuelapluma\/wp-json\/wp\/v2\/categories?post=3142"},{"taxonomy":"post_tag","embeddable":true,"href":"https:\/\/blogs.diariosur.es\/avuelapluma\/wp-json\/wp\/v2\/tags?post=3142"}],"curies":[{"name":"wp","href":"https:\/\/api.w.org\/{rel}","templated":true}]}}