{"id":3150,"date":"2018-01-26T10:10:17","date_gmt":"2018-01-26T09:10:17","guid":{"rendered":"http:\/\/blogs.diariosur.es\/avuelapluma\/?p=3150"},"modified":"2018-01-26T10:18:21","modified_gmt":"2018-01-26T09:18:21","slug":"monumentos-que-desafian-al-tiempo-en-montejaque","status":"publish","type":"post","link":"https:\/\/blogs.diariosur.es\/avuelapluma\/2018\/01\/26\/monumentos-que-desafian-al-tiempo-en-montejaque\/","title":{"rendered":"Monumentos que desaf\u00edan al tiempo en Montejaque"},"content":{"rendered":"<p>&nbsp;<\/p>\n<p><img class=\"mainImage\" title=\"Ver imagen de origen\" src=\"https:\/\/tse4.mm.bing.net\/th?id=OIP.qdSFrlDteLTADzW-dIpdUQHaFh&amp;pid=15.1\" alt=\"Resultado de imagen de imagenes de la presa de montejaque\" data-width=\"620\" data-bm=\"13\" data-height=\"463\" \/><\/p>\n<p>&nbsp;<\/p>\n<p>Monumentos que desaf\u00edan al tiempo en Montejaque<\/p>\n<p>Crestas calizas dominan las casas del pueblo, \u00a0recortadas indolentes bajo las laderas de la Sierra de Libar. Se antojan por su relieve disforme el lomo erizado de un dinosaurio prehist\u00f3rico, tales son sus formas picudas y ondulantes que horadar el cielo figuran. El roquedo, que no amenaza sino que acoge como techos protectores a las viviendas en lo m\u00e1s alto y antiguo del pueblo, le presta a \u00e9ste un tel\u00f3n de fondo p\u00e9treo espectacular dando pie a rincones altamente sugestivos. M\u00e1s abajo se alinea el resto del caser\u00edo m\u00e1s reciente al que domina el templo de Santiago que data del siglo XVI y en el que se dan la mano los estilos g\u00f3tico \u2013 la b\u00f3veda de terceletes que cubre el presbiterio \u2013, y el barroco, presente en la capilla decorada con llamativos motivos pict\u00f3ricos.<\/p>\n<p>Coexisten en las afueras Montejaque compitiendo con campos de cereales, olivos, vi\u00f1edos y campos de girasoles, dos estructuras que llaman poderosamente la atenci\u00f3n a quienes, ya en autom\u00f3vil, ya a pie, las contemplan desde la carretera que une a este singular pueblo de la comarca serrana con la ciudad de Ronda. Una debida a la Naturaleza en su incesante \u00edmpetu transformador de lo creado desde los tiempos obscuros del Cosmos: se trata de la gruta del Hundidero, boca enhiesta que engulle con avidez en tiempos de copiosas lluvias las aguas del afluente Gaduares, las cuales tras atravesar vericuetos insondables y tenebrosas salas que suspenden el \u00e1nimo, vienen a recalar en su hermano mayor, el r\u00edo Guadiaro, tras precipitarse en el lago que antecede a la celeb\u00e9rrima Cueva del Gato, ya en el t\u00e9rmino municipal de Benaoj\u00e1n. Ambos pueblos comparten relieves y paisajes \u00fanicos y rivalizan en lo sugestivo de rincones e inveteradas tradiciones.<\/p>\n<p>La otra estructura distintiva de Montejaque entra en el terreno de la ingenier\u00eda: la Presa de los Caballeros, que data de los proleg\u00f3menos del siglo pasado, y que supuso en hito constructivo para dome\u00f1ar las aguas del Gaduares con fines de producci\u00f3n de energ\u00eda el\u00e9ctrica y facilitar el regad\u00edo de la zona pero que constituy\u00f3 un rotundo fracaso a causa de filtraciones que la inutilizaron por completo. Hoy se erige y se contempla en la carretera que une al pueblo con Ronda, in\u00fatil pero colosal en su forma y reflejo de un mastod\u00f3ntico proyecto ins\u00f3lito en el resto de la Espa\u00f1a de entonces.<\/p>\n<p>Hoy por hoy, la pretensi\u00f3n formulada por la Asociaci\u00f3n de Turismo y Calidad de la Serran\u00eda de Ronda y apoyada sin tapujos por el Ayuntamiento de Montejaque, se ha alzado hasta las administraciones p\u00fablicas superiores, y en primer lugar a la Consejer\u00eda de Cultura de la Junta de Andaluc\u00eda para que se otorgue el atributo de Monumento Natural a la Cueva del Hundidero, emporio de espele\u00f3logos que con asiduidad recorren sus tenebrosos y sorprendentes salas y angosturas. As\u00ed mismo se pretende otra menci\u00f3n para la Presa de los Caballeros, cita en las inmediaciones del Hundidero en forma de adscripci\u00f3n en el cat\u00e1logo de Bienes de inter\u00e9s Cultural (BIC, para los allegados).<\/p>\n<p>Portentos ambos, uno natural y otro debido a la mano del hombre, \u00e9ste\u00a0\u00a0 desafiando al tiempo y que se considera pionero en Espa\u00f1a. Merecen ambos a todas luces ser rescatados del olvido y concederles la importancia que se reclama.<\/p>\n<p>Foto: Andaluc\u00eda R\u00fastica<\/p>\n<p>&nbsp;<\/p>\n","protected":false},"excerpt":{"rendered":"<p>&nbsp; &nbsp; Monumentos que desaf\u00edan al tiempo en Montejaque Crestas calizas dominan las casas del pueblo, \u00a0recortadas indolentes bajo las laderas de la Sierra de Libar. Se antojan por su relieve disforme el lomo erizado de un dinosaurio prehist\u00f3rico, tales son sus formas picudas y ondulantes que horadar el cielo figuran. El roquedo, que no [&hellip;]<\/p>\n","protected":false},"author":27495,"featured_media":0,"comment_status":"open","ping_status":"closed","sticky":false,"template":"","format":"standard","meta":[],"categories":[3],"tags":[311,698,1101],"_links":{"self":[{"href":"https:\/\/blogs.diariosur.es\/avuelapluma\/wp-json\/wp\/v2\/posts\/3150"}],"collection":[{"href":"https:\/\/blogs.diariosur.es\/avuelapluma\/wp-json\/wp\/v2\/posts"}],"about":[{"href":"https:\/\/blogs.diariosur.es\/avuelapluma\/wp-json\/wp\/v2\/types\/post"}],"author":[{"embeddable":true,"href":"https:\/\/blogs.diariosur.es\/avuelapluma\/wp-json\/wp\/v2\/users\/27495"}],"replies":[{"embeddable":true,"href":"https:\/\/blogs.diariosur.es\/avuelapluma\/wp-json\/wp\/v2\/comments?post=3150"}],"version-history":[{"count":3,"href":"https:\/\/blogs.diariosur.es\/avuelapluma\/wp-json\/wp\/v2\/posts\/3150\/revisions"}],"predecessor-version":[{"id":3153,"href":"https:\/\/blogs.diariosur.es\/avuelapluma\/wp-json\/wp\/v2\/posts\/3150\/revisions\/3153"}],"wp:attachment":[{"href":"https:\/\/blogs.diariosur.es\/avuelapluma\/wp-json\/wp\/v2\/media?parent=3150"}],"wp:term":[{"taxonomy":"category","embeddable":true,"href":"https:\/\/blogs.diariosur.es\/avuelapluma\/wp-json\/wp\/v2\/categories?post=3150"},{"taxonomy":"post_tag","embeddable":true,"href":"https:\/\/blogs.diariosur.es\/avuelapluma\/wp-json\/wp\/v2\/tags?post=3150"}],"curies":[{"name":"wp","href":"https:\/\/api.w.org\/{rel}","templated":true}]}}