{"id":3158,"date":"2018-02-04T13:06:31","date_gmt":"2018-02-04T12:06:31","guid":{"rendered":"http:\/\/blogs.diariosur.es\/avuelapluma\/?p=3158"},"modified":"2018-02-04T13:06:31","modified_gmt":"2018-02-04T12:06:31","slug":"urgencias-colapsadas","status":"publish","type":"post","link":"https:\/\/blogs.diariosur.es\/avuelapluma\/2018\/02\/04\/urgencias-colapsadas\/","title":{"rendered":"Urgencias colapsadas"},"content":{"rendered":"<p>Urgencias colapsadas<\/p>\n<p>JOS\u00c9 BECERRA<\/p>\n<p>Si durante el transcurso de la vida nos preocupa el caer inopinadamente enfermo, este temor se acrecienta considerablemente una vez llegada le edad provecta. Cuando nos consideramos plet\u00f3ricos de salud obviamos estas aprensiones, pero hacen acto de presencia sin remisi\u00f3n cuando oteamos en el horizonte el descenso \u00a0m\u00e1s o menos pr\u00f3ximo de nuestras constantes vitales, antes exultantes. Cuando estos momentos llegan no pueden por menos de alarmarnos noticias como la que en estos d\u00edas de este desapacible invierno, que inopinadamente nos est\u00e1 mostrando un cariz ins\u00f3lito en media Espa\u00f1a, pero que tambi\u00e9n hace acto de presencia en M\u00e1laga y su provincia, nos enteramos de que en los hospitales de la capital ven sus urgencias colapsadas y proporcionan im\u00e1genes poco menos que de pa\u00edses tercermundistas. Si bien desde el Servicio Andaluz de Salud se apresuran a decir que se trata de una situaci\u00f3n coyuntural, lo cierto es que nos desazona bastante, como no pod\u00eda ser de otra manera. El CSIF ha puesto la voz en grito y denuncia que las medidas adoptadas por la\u00a0 Junta de Andaluc\u00eda para paliar el candente problema no atajan ni mucho menos la acrimonia que provoca en buena parte de la ciudadan\u00eda malague\u00f1a, entre ellos los que, como digo, nos encontramos m\u00e1s vulnerables por nuestro estado avejentado por la edad. Las protestas tienden a multiplicarse por el \u201cproblema estructural\u201d, seg\u00fan las voces alzadas, \u00a0al que no se le concede la soluci\u00f3n oportuna y se ralentiza su soluci\u00f3n en espera de que en los pr\u00f3ximos meses, naturalmente m\u00e1s c\u00e1lidos, vengan a resolver el acuciante problema de ahora. Se esperan movilizaciones sindicales\u00a0 y se activa la Mesa de Urgencias para que\u00a0las reivindicaciones, a todas luces\u00a0oportunas y justas, encuentren\u00a0v\u00edas de soluci\u00f3n y las mejoras se hagan efectivas cuanto antes, sin esperar a que caliente el sol y las salas de urgencias dejen de aparecer totalmente atiborradas.<\/p>\n","protected":false},"excerpt":{"rendered":"<p>Urgencias colapsadas JOS\u00c9 BECERRA Si durante el transcurso de la vida nos preocupa el caer inopinadamente enfermo, este temor se acrecienta considerablemente una vez llegada le edad provecta. Cuando nos consideramos plet\u00f3ricos de salud obviamos estas aprensiones, pero hacen acto de presencia sin remisi\u00f3n cuando oteamos en el horizonte el descenso \u00a0m\u00e1s o menos pr\u00f3ximo [&hellip;]<\/p>\n","protected":false},"author":27495,"featured_media":0,"comment_status":"open","ping_status":"closed","sticky":false,"template":"","format":"standard","meta":[],"categories":[1],"tags":[],"_links":{"self":[{"href":"https:\/\/blogs.diariosur.es\/avuelapluma\/wp-json\/wp\/v2\/posts\/3158"}],"collection":[{"href":"https:\/\/blogs.diariosur.es\/avuelapluma\/wp-json\/wp\/v2\/posts"}],"about":[{"href":"https:\/\/blogs.diariosur.es\/avuelapluma\/wp-json\/wp\/v2\/types\/post"}],"author":[{"embeddable":true,"href":"https:\/\/blogs.diariosur.es\/avuelapluma\/wp-json\/wp\/v2\/users\/27495"}],"replies":[{"embeddable":true,"href":"https:\/\/blogs.diariosur.es\/avuelapluma\/wp-json\/wp\/v2\/comments?post=3158"}],"version-history":[{"count":1,"href":"https:\/\/blogs.diariosur.es\/avuelapluma\/wp-json\/wp\/v2\/posts\/3158\/revisions"}],"predecessor-version":[{"id":3159,"href":"https:\/\/blogs.diariosur.es\/avuelapluma\/wp-json\/wp\/v2\/posts\/3158\/revisions\/3159"}],"wp:attachment":[{"href":"https:\/\/blogs.diariosur.es\/avuelapluma\/wp-json\/wp\/v2\/media?parent=3158"}],"wp:term":[{"taxonomy":"category","embeddable":true,"href":"https:\/\/blogs.diariosur.es\/avuelapluma\/wp-json\/wp\/v2\/categories?post=3158"},{"taxonomy":"post_tag","embeddable":true,"href":"https:\/\/blogs.diariosur.es\/avuelapluma\/wp-json\/wp\/v2\/tags?post=3158"}],"curies":[{"name":"wp","href":"https:\/\/api.w.org\/{rel}","templated":true}]}}