{"id":3165,"date":"2018-02-13T18:17:32","date_gmt":"2018-02-13T17:17:32","guid":{"rendered":"http:\/\/blogs.diariosur.es\/avuelapluma\/?p=3165"},"modified":"2018-02-13T18:17:32","modified_gmt":"2018-02-13T17:17:32","slug":"francisco-de-la-torre-un-alcalde-septuagenario-en-plenitud-de-facultades-para-gobernar","status":"publish","type":"post","link":"https:\/\/blogs.diariosur.es\/avuelapluma\/2018\/02\/13\/francisco-de-la-torre-un-alcalde-septuagenario-en-plenitud-de-facultades-para-gobernar\/","title":{"rendered":"Francisco de la Torre, un alcalde septuagenario en plenitud de facultades para gobernar"},"content":{"rendered":"<p>&nbsp;<\/p>\n<p><img title=\"\" src=\"\/\/static2.diariosur.es\/www\/multimedia\/201801\/28\/media\/cortadas\/alcalde-kMiB-U5081965304139-624x385@Diario%20Sur.jpg\" alt=\"Imagen de archivo de Francisco de la Torre. \/\" \/><\/p>\n<p>&nbsp;<\/p>\n<p>Francisco de la Torre, un alcalde septuagenario en plenitud de facultades<\/p>\n<p>Llegar a los 70 a\u00f1os y superarlos con creces era algo que a mediados del pasado siglo constitu\u00eda una excepci\u00f3n. En los pueblos de la Andaluc\u00eda profunda, en la que se ubica la Serran\u00eda de Ronda, sede de mis antepasados, llegar a esa edad en condiciones \u00f3ptimas de salud y facultades mentales se ve\u00eda como una rareza, y si se lograba sobrevivir hasta superarla, los pocos que lo lograban ofrec\u00edan una estampa de decadencia plena, poco menos que de muertos vivientes. Pero luego vinieron otros tiempos y las mejoras en la alimentaci\u00f3n y la sanidad imperante hicieron aflorar una calidad de vida que en la actualidad se asienta como paradigma de gente plet\u00f3rica ofreciendo una fisonom\u00eda que nada tiene que ver con la de anta\u00f1o: exultan de salud y de ganas de vivir, nada que ver con los setentones de antes que arrastraban decadencia y decrepitud manifiesta.<\/p>\n<p>Superados o sensiblemente disminuidos con la edad achacosa fen\u00f3menos naturales en la persona que fueron indelebles cuando se dispon\u00eda de las facultades f\u00edsicas y mentales plenas como era el instinto o la lucidez, nos queda ahora otra aptitud que, con frecuencia, perdura de forma indeleble. Me refiero a la facultad de los sentimientos que llevan aparejados la sensibilidad \u2013 que no la sensibler\u00eda vacua -, que nos conduce a mantener recuerdos gratos de momentos pasados, no pocas veces impregnados de nostalgias que son ineludibles, pero que tambi\u00e9n nos retrotraen a momentos felices que en el mag\u00edn nos reconforta y no tienen por menos que conducirnos a una vida interior que en el recuerdo nos retrotraen a momentos de contento y paz.<\/p>\n<p>Llegada a la edad longeva, que no provecta ni mucho menos decr\u00e9pita, como lo demuestra cada d\u00eda en el ejercicio y buen hacer de sus funciones al frente del Ayuntamiento de M\u00e1laga, se hab\u00eda extendido el rumor de que Francisco de la Torre se encontraba entre un s\u00ed y un no de presentar su candidatura como primer edil en las elecciones municipales pr\u00f3ximas. Pero he aqu\u00ed, que unos d\u00edas atr\u00e1s, el PP de M\u00e1laga, sabedor de la val\u00eda de este hombre al frente de la Corporaci\u00f3n, ha manifestado de manera oficial su petici\u00f3n de que sea candidato a las elecciones municipales del a\u00f1o venidero. Sab\u00eda decisi\u00f3n.<\/p>\n<p>Hace bien el partido, que De la Torre es un valor en alza reconocido por todos los malague\u00f1os y nada parece haber en contra de su continuidad, y menos que nada su condici\u00f3n de septuagenario. Es un ejemplo vivo y concluyente de que, a\u00fan superada esa edad, se pueden llevar a cabo todo lo que se podr\u00eda exigir a un regidor en sus funciones. \u201cSalud, proyectos y cari\u00f1o de la gente\u201d, han sido las realidades incuestionables que le adornan al calibrar la propuesta de su continuidad en la Alcald\u00eda de la capital. As\u00ed lo acaba de afirmar y es lo que deseamos, esperamos y manifestamos quienes hemos seguidos su trayectoria pol\u00edtica, anim\u00e1ndole para que siga con el bast\u00f3n de mando en sus manos para provecho de todos los malague\u00f1os.<\/p>\n<p>En palabras de Juanma Moreno, l\u00edder andaluz del PP andaluz, \u201cDe la Torre es uno de nuestros buques insignia de la pol\u00edtica andaluza, malague\u00f1a y espa\u00f1ola\u201d. Le sobra raz\u00f3n, y la damos por buenas quienes hemos seguido su trayectoria, sobre todos lo que como \u00e9l ya somos setentones y no nos postergamos ante la edad por muchas que fueren las primaveras (e inviernos g\u00e9lidos) vividas. Su servicio al bien com\u00fan de los malague\u00f1os, y del que tantas pruebas hemos tenido, deseamos que se prolongue sine die, o como decimos los castizo\u201d hasta que el cuerpo aguante\u201d.<\/p>\n<p>\u201cDejad a los gobiernos central y regional que administren la pol\u00edtica abstracta de las grandes palabras, y dejad a los Ayuntamientos que nos ocupemos de la vida diaria y concreta de las personas, porque jam\u00e1s aspiramos a m\u00e1s alto honor\u201d, es argumento de un pensador argentino, Horacio Amez\u00faa, que se adecua a la trayectoria de nuestro regidor malague\u00f1o y que no tenemos por menos hacerlo nuestro en lo que a \u00e9l se refiere.<\/p>\n<p>&nbsp;<\/p>\n<p>&nbsp;<\/p>\n<p>&nbsp;<\/p>\n<p>&nbsp;<\/p>\n<p>&nbsp;<\/p>\n","protected":false},"excerpt":{"rendered":"<p>&nbsp; &nbsp; Francisco de la Torre, un alcalde septuagenario en plenitud de facultades Llegar a los 70 a\u00f1os y superarlos con creces era algo que a mediados del pasado siglo constitu\u00eda una excepci\u00f3n. En los pueblos de la Andaluc\u00eda profunda, en la que se ubica la Serran\u00eda de Ronda, sede de mis antepasados, llegar a [&hellip;]<\/p>\n","protected":false},"author":27495,"featured_media":0,"comment_status":"open","ping_status":"closed","sticky":false,"template":"","format":"standard","meta":[],"categories":[1],"tags":[],"_links":{"self":[{"href":"https:\/\/blogs.diariosur.es\/avuelapluma\/wp-json\/wp\/v2\/posts\/3165"}],"collection":[{"href":"https:\/\/blogs.diariosur.es\/avuelapluma\/wp-json\/wp\/v2\/posts"}],"about":[{"href":"https:\/\/blogs.diariosur.es\/avuelapluma\/wp-json\/wp\/v2\/types\/post"}],"author":[{"embeddable":true,"href":"https:\/\/blogs.diariosur.es\/avuelapluma\/wp-json\/wp\/v2\/users\/27495"}],"replies":[{"embeddable":true,"href":"https:\/\/blogs.diariosur.es\/avuelapluma\/wp-json\/wp\/v2\/comments?post=3165"}],"version-history":[{"count":1,"href":"https:\/\/blogs.diariosur.es\/avuelapluma\/wp-json\/wp\/v2\/posts\/3165\/revisions"}],"predecessor-version":[{"id":3166,"href":"https:\/\/blogs.diariosur.es\/avuelapluma\/wp-json\/wp\/v2\/posts\/3165\/revisions\/3166"}],"wp:attachment":[{"href":"https:\/\/blogs.diariosur.es\/avuelapluma\/wp-json\/wp\/v2\/media?parent=3165"}],"wp:term":[{"taxonomy":"category","embeddable":true,"href":"https:\/\/blogs.diariosur.es\/avuelapluma\/wp-json\/wp\/v2\/categories?post=3165"},{"taxonomy":"post_tag","embeddable":true,"href":"https:\/\/blogs.diariosur.es\/avuelapluma\/wp-json\/wp\/v2\/tags?post=3165"}],"curies":[{"name":"wp","href":"https:\/\/api.w.org\/{rel}","templated":true}]}}