{"id":3168,"date":"2018-02-16T11:32:15","date_gmt":"2018-02-16T10:32:15","guid":{"rendered":"http:\/\/blogs.diariosur.es\/avuelapluma\/?p=3168"},"modified":"2018-02-16T12:05:56","modified_gmt":"2018-02-16T11:05:56","slug":"exaltacion-de-la-serrania-de-ronda","status":"publish","type":"post","link":"https:\/\/blogs.diariosur.es\/avuelapluma\/2018\/02\/16\/exaltacion-de-la-serrania-de-ronda\/","title":{"rendered":"Exaltaci\u00f3n de la Serran\u00eda de Ronda"},"content":{"rendered":"<p><img class=\"mainImage\" title=\"Ver imagen de origen\" src=\"\/\/tse3.mm.bing.net\/th?id=OIP.bEIunGwJ_s14EFBXPK7KyAHaE8&amp;pid=15.1\" alt=\"Resultado de imagen de imagenes de Benaojan\" data-width=\"480\" data-height=\"321\" \/><\/p>\n<p>Exaltaci\u00f3n de la Serran\u00eda de Ronda<\/p>\n<p>Jos\u00e9 Becerra<\/p>\n<p>Quienes hemos nacido dentro del ancho solar serrano al que se circunscribe\u00a0 la ciudad de Ronda, eje sobre el que gira el resto de sus pueblos, no podemos por menos de sentirnos satisfechos por un reciente escrito aparecido en las p\u00e1ginas de este diario d\u00edas atr\u00e1s y en el\u00a0\u00a0 que se exaltaba la Serran\u00eda con el rigor acad\u00e9mico propio de un docto mentor, como es el caso de Jos\u00e9 Antonio Castillo. Se hac\u00eda esta exaltaci\u00f3n dando de lado a ambig\u00fcedades y estereotipos que no con poca frecuencia ven\u00edan refiri\u00e9ndose a tan emblem\u00e1tico y sugerente lugar, no pocas veces, como digo, envuelto en leyendas fecundas, obra de la imaginaci\u00f3n m\u00e1s calenturienta. En contra de quienes solo se detienen en las apariencias e im\u00e1genes propias de un romanticismo exacerbado y finiquitado, y casi nunca en el meollo de la conformaci\u00f3n geogr\u00e1fica de estas tierras tantas veces insufladas de un folklorismo, que con ser sustancial, daba de lado a aspectos que este ge\u00f3grafo aludido pone de relieve con la puntual prestancia de un erudito en la materia. Pero reconozcamos que preciso es hacerlo, en que lo erudito y lo estrictamente descriptivo se conjugan para una perfecta descripci\u00f3n de tan singular paraje.<\/p>\n<p>Como no pod\u00eda ser de otra forma dado el car\u00e1cter did\u00e1ctico del escrito mencionado se hace hincapi\u00e9 en las particularidades geol\u00f3gicas del macizo aludidas. Queden esas caracter\u00edsticas, que consideramos imprescindibles, para estudiosos del ecosistema en cuesti\u00f3n y lo que ofrece a investigadores las particularidades de su flora y fauna. Qued\u00e9monos los que por esta comarca transitamos desde ni\u00f1os y los que por ella se adentran cada d\u00eda con lo que, sin est\u00edmulos cient\u00edficos, imprescindible, como digo, para su cabal conocimiento, con lo que se ofrece a nuestra vista, suficiente para catalogarla como excepcional dentro del territorio nacional.<\/p>\n<p>La describieron con pelos y se\u00f1ales los escritores trotamundos brit\u00e1nicos y galos que por estas tierras se adentraron entre los siglos XVIII y XIX dej\u00e1ndonos en las p\u00e1ginas de sus libros estampas id\u00edlicas de la regi\u00f3n. Por ejemplo, las que nos describe Francis Carter en su libro \u201c<em>A journey from Gibraltar to M\u00e1laga\u201d; <\/em>o las que bosquej\u00f3 C. Rochfort- Scott en su obra \u201c<em>Excursi\u00f3ns in the mountains of Ronda\u201d<\/em>, ambas incidentes en las caracter\u00edsticas propias de los habitantes del Sur de Espa\u00f1a, y por ende, poniendo el acento en \u00e9sta ciudad como santo y se\u00f1a de las sierras que la circundan y le conceden personalidad intransferible.<\/p>\n<p>Porque Ronda en su conjunto no es solo la s\u00edntesis de un arte monumental visible en el n\u00facleo urbano, sino que ofrece en sus alrededores estampas \u00fanicas de bosques de pinsapos catalogados como\u00a0ins\u00f3litos en el territorio peninsular y que se autentifican en el Parque Natural de la Sierra de Grazalema, que es su epicentro pese a ser un nombre desgajado del originario y secular de Serran\u00eda de Ronda. Es esta denominaci\u00f3n la \u00a0que abarca siglos de perenne y\u00a0trascendental historia\u00a0para ensalzar unos parajes, \u00a0los cuales\u00a0 obligadamente se deben catalogar con la designaci\u00f3n del nombre\u00a0de \u00a0la ciudad que junto a ellos se erige desde tiempo inmemorial.<\/p>\n<p>&nbsp;<\/p>\n","protected":false},"excerpt":{"rendered":"<p>Exaltaci\u00f3n de la Serran\u00eda de Ronda Jos\u00e9 Becerra Quienes hemos nacido dentro del ancho solar serrano al que se circunscribe\u00a0 la ciudad de Ronda, eje sobre el que gira el resto de sus pueblos, no podemos por menos de sentirnos satisfechos por un reciente escrito aparecido en las p\u00e1ginas de este diario d\u00edas atr\u00e1s y [&hellip;]<\/p>\n","protected":false},"author":27495,"featured_media":0,"comment_status":"open","ping_status":"closed","sticky":false,"template":"","format":"standard","meta":[],"categories":[3,21],"tags":[866,958],"_links":{"self":[{"href":"https:\/\/blogs.diariosur.es\/avuelapluma\/wp-json\/wp\/v2\/posts\/3168"}],"collection":[{"href":"https:\/\/blogs.diariosur.es\/avuelapluma\/wp-json\/wp\/v2\/posts"}],"about":[{"href":"https:\/\/blogs.diariosur.es\/avuelapluma\/wp-json\/wp\/v2\/types\/post"}],"author":[{"embeddable":true,"href":"https:\/\/blogs.diariosur.es\/avuelapluma\/wp-json\/wp\/v2\/users\/27495"}],"replies":[{"embeddable":true,"href":"https:\/\/blogs.diariosur.es\/avuelapluma\/wp-json\/wp\/v2\/comments?post=3168"}],"version-history":[{"count":3,"href":"https:\/\/blogs.diariosur.es\/avuelapluma\/wp-json\/wp\/v2\/posts\/3168\/revisions"}],"predecessor-version":[{"id":3171,"href":"https:\/\/blogs.diariosur.es\/avuelapluma\/wp-json\/wp\/v2\/posts\/3168\/revisions\/3171"}],"wp:attachment":[{"href":"https:\/\/blogs.diariosur.es\/avuelapluma\/wp-json\/wp\/v2\/media?parent=3168"}],"wp:term":[{"taxonomy":"category","embeddable":true,"href":"https:\/\/blogs.diariosur.es\/avuelapluma\/wp-json\/wp\/v2\/categories?post=3168"},{"taxonomy":"post_tag","embeddable":true,"href":"https:\/\/blogs.diariosur.es\/avuelapluma\/wp-json\/wp\/v2\/tags?post=3168"}],"curies":[{"name":"wp","href":"https:\/\/api.w.org\/{rel}","templated":true}]}}