{"id":3176,"date":"2018-02-25T12:02:07","date_gmt":"2018-02-25T11:02:07","guid":{"rendered":"http:\/\/blogs.diariosur.es\/avuelapluma\/?p=3176"},"modified":"2018-02-25T12:06:02","modified_gmt":"2018-02-25T11:06:02","slug":"el-periodico-de-cada-dia","status":"publish","type":"post","link":"https:\/\/blogs.diariosur.es\/avuelapluma\/2018\/02\/25\/el-periodico-de-cada-dia\/","title":{"rendered":"El peri\u00f3dico de cada d\u00eda"},"content":{"rendered":"<p><img src=\"\/\/blogs.periodistadigital.com\/imgs\/20090326\/lector-prensa-periodico.jpg\" \/><\/p>\n<p>&nbsp;<\/p>\n<p>El peri\u00f3dico de cada d\u00eda<\/p>\n<p>JOS\u00c9 BECERRA<\/p>\n<p>No faltan sombr\u00edos agoreros que predicen el fin\u00a0no muy lejano\u00a0de la letra impresa, el crep\u00fasculo indubitable del negro sobre blanco, ya sea en las p\u00e1ginas de un libro, ya en las de un peri\u00f3dico. En la mete\u00f3rica carrera de las tecnolog\u00edas de la comunicaci\u00f3n, el caballo desbocado de Internet nos depara cada d\u00eda avances impensables. La era digital ense\u00f1oreada de editoriales y redacciones trastoca por d\u00eda conceptos que se cre\u00edan firmes e inalterables.<\/p>\n<p>Hablar de letra impresa, libro impreso, peri\u00f3dico impreso era hasta ahora redundante por lo obvio.\u00a0 Ahora no, ahora se impone la distinci\u00f3n necesaria, inapelable. \u00bfLibro o diario impreso o libro digital? \u00a0\u00bfDesplegar las p\u00e1ginas del rotativo preferido o irse a la p\u00e1gina escogida a golpes de obediente rat\u00f3n? \u00bfCaer\u00e1 la galaxia\u00a0 Gutenberg aplastada por la invasi\u00f3n desbordante de la era virtual?\u00a0 \u00bfTendremos que adiestrarnos en aprender de memoria la Divina Comedia o El Quijote como lo hicieron los protagonistas de <em>Fahrenheit 451<\/em> porque no habr\u00e1 otro medio de reproducirlos y que est\u00e9 m\u00e1s a la mano si no es por el fr\u00edo e impreciso impulso de un teclado?<\/p>\n<p>Siempre habr\u00e1 quien se resista al cambio, quien prefiera el regodeo de comprar un libro, eligiendo entre centenares de t\u00edtulos \u2013 hoje\u00e1ndolos todos, sopes\u00e1ndolos, calibrando la perfecci\u00f3n de la impresi\u00f3n o sus defectos\u00a0 de premura, sintiendo el tacto limpio o ajado de su cubierta si nos acercamos a una librer\u00eda de novedades o a otras de viejo, tan sugerente, tan sugestiva&#8230; -, aqu\u00e9l que responde a la apetencia del momento. Sentirlo bajo el brazo y empezar su lectura en el momento escogido, abandonarla y volver a ella, subrayar el p\u00e1rrafo que nos llam\u00f3 la atenci\u00f3n, se\u00f1alar la p\u00e1gina a la que ser\u00e1 precisa volver&#8230; No, no me privar\u00e1n de este placer, por mucho que se soplen los\u00a0 nuevos vientos.<\/p>\n<p>Tampoco de acercarme cada d\u00eda al quiosco a comprar el peri\u00f3dico y regocijarme como las cabeceras de disputan el espacio de exhibici\u00f3n, que cada vez es menor y comparar ofertas y promociones que cada vez son mayores. La pel\u00edcula, el fasc\u00edculo, la pieza de colecci\u00f3n, que hay que agarrar al lector, que dicen las estad\u00edsticas que no andan muy equiparados, tirando a la baja, con los que aparecen en las listas europeas.<\/p>\n<p>Llegu\u00e9 para mi pesar a la edad longeva, \u00a0pero he tenido la suerte de que un peri\u00f3dico, que no siempre fue el mismo, llegase con la regularidad de lo inmarcesible a mi hogar. Y si no lleg\u00f3, lo busqu\u00e9 \u2013 en las bibliotecas, al grito de homosexual el \u00faltimo, en el bar de la esquina teniendo que soportar las miradas de inquina de quienes no pudieron adelantarse, cuando\u00a0 no era yo quien las emit\u00eda por el contratiempo de llegar tarde\u2013 para leerlo en silencio o con el tel\u00f3n de fondo del humo de los churros y el sonido de las cucharillas impacientes del primer desayuno.<\/p>\n<p>Foto autor: \u00a0Periodista digital<\/p>\n","protected":false},"excerpt":{"rendered":"<p>&nbsp; El peri\u00f3dico de cada d\u00eda JOS\u00c9 BECERRA No faltan sombr\u00edos agoreros que predicen el fin\u00a0no muy lejano\u00a0de la letra impresa, el crep\u00fasculo indubitable del negro sobre blanco, ya sea en las p\u00e1ginas de un libro, ya en las de un peri\u00f3dico. En la mete\u00f3rica carrera de las tecnolog\u00edas de la comunicaci\u00f3n, el caballo desbocado [&hellip;]<\/p>\n","protected":false},"author":27495,"featured_media":0,"comment_status":"open","ping_status":"closed","sticky":false,"template":"","format":"standard","meta":[],"categories":[3],"tags":[1105,1104],"_links":{"self":[{"href":"https:\/\/blogs.diariosur.es\/avuelapluma\/wp-json\/wp\/v2\/posts\/3176"}],"collection":[{"href":"https:\/\/blogs.diariosur.es\/avuelapluma\/wp-json\/wp\/v2\/posts"}],"about":[{"href":"https:\/\/blogs.diariosur.es\/avuelapluma\/wp-json\/wp\/v2\/types\/post"}],"author":[{"embeddable":true,"href":"https:\/\/blogs.diariosur.es\/avuelapluma\/wp-json\/wp\/v2\/users\/27495"}],"replies":[{"embeddable":true,"href":"https:\/\/blogs.diariosur.es\/avuelapluma\/wp-json\/wp\/v2\/comments?post=3176"}],"version-history":[{"count":3,"href":"https:\/\/blogs.diariosur.es\/avuelapluma\/wp-json\/wp\/v2\/posts\/3176\/revisions"}],"predecessor-version":[{"id":3179,"href":"https:\/\/blogs.diariosur.es\/avuelapluma\/wp-json\/wp\/v2\/posts\/3176\/revisions\/3179"}],"wp:attachment":[{"href":"https:\/\/blogs.diariosur.es\/avuelapluma\/wp-json\/wp\/v2\/media?parent=3176"}],"wp:term":[{"taxonomy":"category","embeddable":true,"href":"https:\/\/blogs.diariosur.es\/avuelapluma\/wp-json\/wp\/v2\/categories?post=3176"},{"taxonomy":"post_tag","embeddable":true,"href":"https:\/\/blogs.diariosur.es\/avuelapluma\/wp-json\/wp\/v2\/tags?post=3176"}],"curies":[{"name":"wp","href":"https:\/\/api.w.org\/{rel}","templated":true}]}}