{"id":3183,"date":"2018-03-07T10:00:18","date_gmt":"2018-03-07T09:00:18","guid":{"rendered":"http:\/\/blogs.diariosur.es\/avuelapluma\/?p=3183"},"modified":"2018-03-07T10:00:18","modified_gmt":"2018-03-07T09:00:18","slug":"pensionistas-en-pie-de-guerra","status":"publish","type":"post","link":"https:\/\/blogs.diariosur.es\/avuelapluma\/2018\/03\/07\/pensionistas-en-pie-de-guerra\/","title":{"rendered":"Pensionistas en pie de guerra"},"content":{"rendered":"<p>Los pensionistas toman la calle<\/p>\n<p><img loading=\"lazy\" id=\"emb16CCC57EA\" class=\"mimg rms_img\" src=\"\/\/tse1.mm.bing.net\/th?id=OIP.ffn5wmpVcT6FxUjdleEcyQHaEz&amp;w=300&amp;h=194&amp;c=7&amp;o=5&amp;dpr=125&amp;pid=1.7\" alt=\"Resultado de imagen de imagenes de pensionistas\" width=\"300\" height=\"194\" data-bm=\"24\" \/><\/p>\n<p>Andamos los pensionistas cabizbajos porque bien mirado la hucha de las pensiones que cada mensualidad nos permite un\u00a0 respiro (cada vez m\u00e1s entrecortado y ef\u00edmero, todo hay que decirlo, porque el aumento anual de la percepci\u00f3n es extremadamente exang\u00fce) se muestra\u00a0 a ojos vista raqu\u00edtico a m\u00e1s no poder. Se suele decir que quien avisa no es traidor y no podemos considerar como tales a quienes desde todos los medios de comunicaci\u00f3n \u2013 radio, prensa y televisi\u00f3n \u2013 sesudos economistas nos advierten de\u00a0 que el porvenir del susodicho recept\u00e1culo se presenta m\u00e1s que sombr\u00edo tenebroso del todo. Pedro S\u00e1nchez, en sus m\u00e1s recientes apariciones p\u00fablicas \u2013 pocas, hay que decirlo, que el l\u00edder socialista parece estar perdiendo comba tras el fracaso de la formaci\u00f3n en Catalu\u00f1a- viene reclamando un serio pacto sobre las pensiones. Asegura que si no se lleva a cabo ser\u00e1n pura entelequia para nuestros hijos y nietos. \u201cQue deje de enga\u00f1ar a las personas mayores\u201d ha dicho poco menos que a voz en grito en un claro alegato en defensa de los pensionistas paup\u00e9rrimos merced a los designios del Ejecutivo de Rajoy.<\/p>\n<p>Y es que ahora, coincidiendo con el inicio de a\u00f1o, el Gobierno central estableci\u00f3 por decreto que las pensiones aumentaran un 0,25 por cierto. O sea, una cantidad irrisoria a todas luces que a los sumo sirve para comprar una bolsita de pipas en el quiosco de la esquina. Si cotejamos el salario m\u00ednimo interprofesional que asciende a poco m\u00e1s de 735 euros al mes nos encontramos para aflicci\u00f3n de los pensionistas de poca monta, entre los que me cuento para mi pesar, que lo se nos concede nada graciosamente el pap\u00e1 Estado es inferior a esa cantidad calificada por nuestros sesudos pol\u00edtico como \u201cimprescindible\u201d para vivir con decoro. Alrededor de 150.000 pensionistas malague\u00f1os tenemos que conformarnos sin rechistar a recibir una cantidad inferior a ese salario interprofesional se\u00f1alado de por s\u00ed considerablemente menguado para afrontar las necesidades de cada d\u00eda, que no son pocas en familias poco menos que menesterosas.<\/p>\n<p>Los pensionistas de las principales ciudades espa\u00f1olas se han echado a la calle para reivindicar a voz en grito una subida honrosa de sus\u00a0desmedradas pensiones m\u00e1s all\u00e1 de ese mis\u00e9rrima subida que es lo acordada por el gobierno central. En Madrid, ciudad de la que se dice es rompeolas de todas las Espa\u00f1as, sin enfrentamientos con los agentes del orden p\u00fablico, pero sin arredrarse por la presencia de \u00e9stos en las inmediaciones del Congreso, quisieron dejar claro sus justas reivindicaciones. El colectivo agrupado ante la sede en la que asientan sus reales quienes nos gobiernan dej\u00f3 bien claro que la p\u00e9rdida del poder adquisitivo de sus mermadas pensiones les obliga a llevar una vida poco menos que miserable ante el hecho indubitable del aumento del coste de los elementos vitales para la subsistencia.<\/p>\n<p>Tampoco los pensionistas malague\u00f1os extorsionados por la sensible p\u00e9rdida de esa facultad que les permite afrontar las necesidades diarias se quedaron en sus\u00a0 casas: hicieron acto de presencia en la calle para sustentar una reivindicaci\u00f3n que sacude \u00a0estratos sociales que en estos d\u00edas demuestran su poder de convocatoria en la vieja \u2018piel de toro\u2019 esa de la que hablaban los cl\u00e1sicos autores de la Espa\u00f1a pret\u00e9rita que no se doblegaba ante injustas imposiciones.<\/p>\n<p>Los pensionistas de aqu\u00ed y all\u00e1, que sufren las imposiciones que vienen de arriba han desenterrado el hacha de guerra, hartos de las incurias a las que se ven sometidos. Raz\u00f3n nos le falta en esta lucha desigual que hasta ahora eran ellos los vencidos y postergados injustamente.<\/p>\n","protected":false},"excerpt":{"rendered":"<p>Los pensionistas toman la calle Andamos los pensionistas cabizbajos porque bien mirado la hucha de las pensiones que cada mensualidad nos permite un\u00a0 respiro (cada vez m\u00e1s entrecortado y ef\u00edmero, todo hay que decirlo, porque el aumento anual de la percepci\u00f3n es extremadamente exang\u00fce) se muestra\u00a0 a ojos vista raqu\u00edtico a m\u00e1s no poder. Se [&hellip;]<\/p>\n","protected":false},"author":27495,"featured_media":0,"comment_status":"open","ping_status":"closed","sticky":false,"template":"","format":"standard","meta":[],"categories":[3,5],"tags":[1106,863],"_links":{"self":[{"href":"https:\/\/blogs.diariosur.es\/avuelapluma\/wp-json\/wp\/v2\/posts\/3183"}],"collection":[{"href":"https:\/\/blogs.diariosur.es\/avuelapluma\/wp-json\/wp\/v2\/posts"}],"about":[{"href":"https:\/\/blogs.diariosur.es\/avuelapluma\/wp-json\/wp\/v2\/types\/post"}],"author":[{"embeddable":true,"href":"https:\/\/blogs.diariosur.es\/avuelapluma\/wp-json\/wp\/v2\/users\/27495"}],"replies":[{"embeddable":true,"href":"https:\/\/blogs.diariosur.es\/avuelapluma\/wp-json\/wp\/v2\/comments?post=3183"}],"version-history":[{"count":1,"href":"https:\/\/blogs.diariosur.es\/avuelapluma\/wp-json\/wp\/v2\/posts\/3183\/revisions"}],"predecessor-version":[{"id":3184,"href":"https:\/\/blogs.diariosur.es\/avuelapluma\/wp-json\/wp\/v2\/posts\/3183\/revisions\/3184"}],"wp:attachment":[{"href":"https:\/\/blogs.diariosur.es\/avuelapluma\/wp-json\/wp\/v2\/media?parent=3183"}],"wp:term":[{"taxonomy":"category","embeddable":true,"href":"https:\/\/blogs.diariosur.es\/avuelapluma\/wp-json\/wp\/v2\/categories?post=3183"},{"taxonomy":"post_tag","embeddable":true,"href":"https:\/\/blogs.diariosur.es\/avuelapluma\/wp-json\/wp\/v2\/tags?post=3183"}],"curies":[{"name":"wp","href":"https:\/\/api.w.org\/{rel}","templated":true}]}}