{"id":3188,"date":"2018-03-16T10:07:08","date_gmt":"2018-03-16T09:07:08","guid":{"rendered":"http:\/\/blogs.diariosur.es\/avuelapluma\/?p=3188"},"modified":"2018-03-16T10:07:08","modified_gmt":"2018-03-16T09:07:08","slug":"tragico-final-de-gabriel","status":"publish","type":"post","link":"https:\/\/blogs.diariosur.es\/avuelapluma\/2018\/03\/16\/tragico-final-de-gabriel\/","title":{"rendered":"Tr\u00e1gico final de Gabriel"},"content":{"rendered":"<p><strong>Tr\u00e1gico final de Gabriel<\/strong><\/p>\n<p><strong>\u00a0<\/strong><\/p>\n<p><strong>Espa\u00f1a entera ha vivido con desaz\u00f3n y angustia la desaparici\u00f3n del peque\u00f1o Gabriel y luego la rabia y el dolor ante su muerte violenta presuntamente a manos de una despiadada y cruel homicida que en todo momento, en la exhaustiva b\u00fasqueda de las fuerzas del orden y vecinos, se mostr\u00f3 tranquila pese haber cometido tan horrendo crimen. Acab\u00f3 la vida, presumiblemente con la frialdad que en todo momento ha mantenido ante los medios, de un inocente con pocos a\u00f1os de existencia en este mundo. Si todos los cr\u00edmenes nos parecen execrables, este \u00faltimo a todo buen nacido nos ha parecido horrendo en grado sumo. Ha sido este d\u00eda en el que se supo el tr\u00e1gico final del muchacho uno de los m\u00e1s negros de cuantos pueden sacudir la conciencia de un pa\u00eds, que en este caso por su horripilante acaecer ha removido la conciencia y la rabia de todo bien nacido. Ante este hecho luctuoso que ha ensombrecido amargamente al pa\u00eds, el cual ha seguido con la conmiseraci\u00f3n consiguiente la pesadumbre y el dolor incontenible de los padres del muchacho asesinado, cabe preguntarse si esa pretendida iniciativa de desterrar la prisi\u00f3n permanente revisable que abanderan PSOE, Podemos y PNV, con el benepl\u00e1cito soterrado de Ciudadanos, tiene raz\u00f3n de ser en contra de los deseos del Partido Popular que opta por mantenerla e incluso agudizar el alcance de sus prescripciones. Se pretende hacer o\u00eddos sordos a la ingente cantidad de firmas \u2013 2 millones- recogidas por los padres de Diana Quert y Marta del Castillo, quienes persiguen el mismo fin de no ceder ante la presi\u00f3n de los partidos que se oponen a su derogaci\u00f3n. Acabar de manera violenta con la vida de un semejante no puede sino exigirse para quien ejecuta el criminal acto la m\u00e1xima pena sin cortapisas para llevarse a la pr\u00e1ctica, obedeciendo solo las normas hasta ahora establecidas en tiempo y forma tendentes a una reinserci\u00f3n en la sociedad con plenas garant\u00edas en el futuro de la salvaguarda de sus cong\u00e9neres.<\/strong><\/p>\n<p><strong>\u00a0\u00a0 <\/strong><\/p>\n<p>&nbsp;<\/p>\n","protected":false},"excerpt":{"rendered":"<p>Tr\u00e1gico final de Gabriel \u00a0 Espa\u00f1a entera ha vivido con desaz\u00f3n y angustia la desaparici\u00f3n del peque\u00f1o Gabriel y luego la rabia y el dolor ante su muerte violenta presuntamente a manos de una despiadada y cruel homicida que en todo momento, en la exhaustiva b\u00fasqueda de las fuerzas del orden y vecinos, se mostr\u00f3 [&hellip;]<\/p>\n","protected":false},"author":27495,"featured_media":0,"comment_status":"open","ping_status":"closed","sticky":false,"template":"","format":"standard","meta":[],"categories":[3],"tags":[1107],"_links":{"self":[{"href":"https:\/\/blogs.diariosur.es\/avuelapluma\/wp-json\/wp\/v2\/posts\/3188"}],"collection":[{"href":"https:\/\/blogs.diariosur.es\/avuelapluma\/wp-json\/wp\/v2\/posts"}],"about":[{"href":"https:\/\/blogs.diariosur.es\/avuelapluma\/wp-json\/wp\/v2\/types\/post"}],"author":[{"embeddable":true,"href":"https:\/\/blogs.diariosur.es\/avuelapluma\/wp-json\/wp\/v2\/users\/27495"}],"replies":[{"embeddable":true,"href":"https:\/\/blogs.diariosur.es\/avuelapluma\/wp-json\/wp\/v2\/comments?post=3188"}],"version-history":[{"count":1,"href":"https:\/\/blogs.diariosur.es\/avuelapluma\/wp-json\/wp\/v2\/posts\/3188\/revisions"}],"predecessor-version":[{"id":3189,"href":"https:\/\/blogs.diariosur.es\/avuelapluma\/wp-json\/wp\/v2\/posts\/3188\/revisions\/3189"}],"wp:attachment":[{"href":"https:\/\/blogs.diariosur.es\/avuelapluma\/wp-json\/wp\/v2\/media?parent=3188"}],"wp:term":[{"taxonomy":"category","embeddable":true,"href":"https:\/\/blogs.diariosur.es\/avuelapluma\/wp-json\/wp\/v2\/categories?post=3188"},{"taxonomy":"post_tag","embeddable":true,"href":"https:\/\/blogs.diariosur.es\/avuelapluma\/wp-json\/wp\/v2\/tags?post=3188"}],"curies":[{"name":"wp","href":"https:\/\/api.w.org\/{rel}","templated":true}]}}