{"id":3196,"date":"2018-03-19T20:28:42","date_gmt":"2018-03-19T19:28:42","guid":{"rendered":"http:\/\/blogs.diariosur.es\/avuelapluma\/?p=3196"},"modified":"2018-03-19T20:28:42","modified_gmt":"2018-03-19T19:28:42","slug":"una-renovada-guarderia-en-martin-carpena","status":"publish","type":"post","link":"https:\/\/blogs.diariosur.es\/avuelapluma\/2018\/03\/19\/una-renovada-guarderia-en-martin-carpena\/","title":{"rendered":"Una renovada guarder\u00eda  en Mart\u00edn Carpena"},"content":{"rendered":"<p>Una renovada guarder\u00eda\u00a0 en Mart\u00edn Carpena<br \/>\nEn realidad no es nueva en la zona, ya que el parvulario ven\u00eda brindado su buen hacer a buena parte de los padres que en \u00e9l residen. Solo que ahora, sin alejarse de aqu\u00e9lla,\u00a0 se deslinda del Hospital Quir\u00f3n a la que hab\u00eda permanecido unida muchos a\u00f1os y cobra personalidad\u00a0 propia en la concurrida barriada que va a m\u00e1s cada d\u00eda, a dos pasos de su antiguo emplazamiento, en el meollo del ensanche del distrito de Mart\u00edn Carpena, y en concreto asentada en la\u00a0 malague\u00f1a Avenida Imperio Argentina. Y lo hace con nov\u00edsima imagen, tras la construcci\u00f3n a marchas forzadas de las instalaciones realizadas durante el pasado verano con la intenci\u00f3n de abrir sus puertas en el nuevo curso escolar, algo que ya es una espl\u00e9ndida\u00a0 realidad en el septiembre \u00faltimo, mes en que comenz\u00f3 su andadura.<br \/>\nSi era atrayente la guarder\u00eda anterior por sus instalaciones, y mod\u00e9lica adem\u00e1s merced al\u00a0\u00a0 plantel de profesionales que la serv\u00edan, los mismos atributos se perfilan en la nueva etapa que ahora comienza en el reci\u00e9n acabado edificio que se inaugur\u00f3 recientemente, a dos pasos del centro escolar Clara Campoamor, lo que la hace mucho m\u00e1s atractiva para los padres que a ella van seguir confiando el cuidado de sus v\u00e1stagos. Porque desde\u00a0 este centro de Ense\u00f1anza Primaria se trasladan cada d\u00eda hasta una veintena de ni\u00f1os a la reci\u00e9n inaugurada y anexa Guarder\u00eda Cinco Chupetes para la pitanza de cada d\u00eda, tras permanecer 5 horas bajo la tutela y ense\u00f1anza de la \u201cse\u00f1o\u201d Mar\u00eda In\u00e9s, de mod\u00e9lica trayectoria en su quehacer de cada d\u00eda. Son los mismos peque\u00f1os que iniciaron su primigenia aventura del saber en el antiguo local que ahora acaba de ser transformado.<br \/>\nCon l\u00edneas constructivas modernas y decoraci\u00f3n apropiada para el menester que ha sido concebida, la nueva \u201c5 Chupetes\u201d ha de marcar un paradigma para este tipo de edificaciones en M\u00e1laga, ya que nada tiene que envidiar al kindergarten o parvulario de cualquiera otra parte dentro y fuera de nuestras fronteras.<br \/>\nY lo que es m\u00e1s importante si cabe: la continuidad del conjunto de cuidadoras, cocineras y educadores que dieron muestras de su saber y entender en la protecci\u00f3n y ense\u00f1anza de los cr\u00edos que se le encomiendan. Aqu\u00ed juegan un papel encomiable Bel\u00e9n, Pedro, Yolanda, Tamara y la cocinera Ana: un plantilla de profesionales eficientes\u00a0 con su directora, Raquel,\u00a0\u00a0\u00a0\u00a0 a la cabeza. Conscientes plenamente de sus funciones y sabedoras de lo que supone para los padres dejar a sus hijos al cuidado de otras personas por motivos ineludibles de trabajo o carencia de familiares cercanos, ejecutan con dedicaci\u00f3n plena sus tareas y por unas horas responden fielmente a las exigencias de cuidado y protecci\u00f3n requeridas a los infantes de tan escasa edad.<br \/>\nAsistimos padres y abuelos al inicio de una nueva etapa de la guarder\u00eda que acogi\u00f3 desde los primeros a\u00f1os de vida a nuestros peques. Remozada convenientemente acaba de abrir sus puertas para seguir haci\u00e9ndolo con la probidad y dedicaci\u00f3n que ven\u00eda caracterizando a sus empleados en el desempe\u00f1o de sus funciones.<br \/>\nVolveremos a respirar tranquilos cada ma\u00f1ana al confiarlos a su cuidado, sabiendo que recibir\u00e1n la atenci\u00f3n m\u00e1s exquisita. La nov\u00edsima planta y los flamantes dispositivos y m\u00f3dulos as\u00ed lo confirman.\u00a0 Algo que es de agradecer. El\u00a0 empe\u00f1o en hacer grata la estancia de nuestros\u00a0 peque\u00f1os seres m\u00e1s queridos\u00a0 es digna de encomio y es preciso reconocerlo.<br \/>\nEs obligado resaltar el trabajo de las cuidadoras de esta guarder\u00eda ejemplar que ahora acaba de estrenar nueva sede. Y habr\u00eda que hacerlo ya que su labor dir\u00eda la ejecutan con una sempiterna sonrisa en los labios y un gesto amable en el rostro, sin el menor atisbo de fastidio, prueba evidente de su buen hacer y de la total dedicaci\u00f3n a una\u00a0 labor que puede ser \u00edmproba, pero que, pensamos, tambi\u00e9n gratificante a quienes a ella dedican su tiempo con una aplicaci\u00f3n digna de todo elogio.<\/p>\n<p>Mi nieto Mario y una veintena de amigos suyos comparten espacios en el colegio Campoamor y 5 Chupetes. Diariamente contemplo la alborozada marcha que transcurre entre uno y otro lugar para la pitanza de cada d\u00eda. Primero aprender las letras y los n\u00fameros; luego, atender las necesidades del est\u00f3mago. Profesoras y cuidadoras ser dan buenas ma\u00f1as para completar diariamente el ciclo exigido por la peque\u00f1a y ruidosa \u00a0tropa.<\/p>\n","protected":false},"excerpt":{"rendered":"<p>Una renovada guarder\u00eda\u00a0 en Mart\u00edn Carpena En realidad no es nueva en la zona, ya que el parvulario ven\u00eda brindado su buen hacer a buena parte de los padres que en \u00e9l residen. Solo que ahora, sin alejarse de aqu\u00e9lla,\u00a0 se deslinda del Hospital Quir\u00f3n a la que hab\u00eda permanecido unida muchos a\u00f1os y cobra [&hellip;]<\/p>\n","protected":false},"author":27495,"featured_media":0,"comment_status":"open","ping_status":"closed","sticky":false,"template":"","format":"standard","meta":[],"categories":[3],"tags":[1110],"_links":{"self":[{"href":"https:\/\/blogs.diariosur.es\/avuelapluma\/wp-json\/wp\/v2\/posts\/3196"}],"collection":[{"href":"https:\/\/blogs.diariosur.es\/avuelapluma\/wp-json\/wp\/v2\/posts"}],"about":[{"href":"https:\/\/blogs.diariosur.es\/avuelapluma\/wp-json\/wp\/v2\/types\/post"}],"author":[{"embeddable":true,"href":"https:\/\/blogs.diariosur.es\/avuelapluma\/wp-json\/wp\/v2\/users\/27495"}],"replies":[{"embeddable":true,"href":"https:\/\/blogs.diariosur.es\/avuelapluma\/wp-json\/wp\/v2\/comments?post=3196"}],"version-history":[{"count":1,"href":"https:\/\/blogs.diariosur.es\/avuelapluma\/wp-json\/wp\/v2\/posts\/3196\/revisions"}],"predecessor-version":[{"id":3197,"href":"https:\/\/blogs.diariosur.es\/avuelapluma\/wp-json\/wp\/v2\/posts\/3196\/revisions\/3197"}],"wp:attachment":[{"href":"https:\/\/blogs.diariosur.es\/avuelapluma\/wp-json\/wp\/v2\/media?parent=3196"}],"wp:term":[{"taxonomy":"category","embeddable":true,"href":"https:\/\/blogs.diariosur.es\/avuelapluma\/wp-json\/wp\/v2\/categories?post=3196"},{"taxonomy":"post_tag","embeddable":true,"href":"https:\/\/blogs.diariosur.es\/avuelapluma\/wp-json\/wp\/v2\/tags?post=3196"}],"curies":[{"name":"wp","href":"https:\/\/api.w.org\/{rel}","templated":true}]}}