{"id":3211,"date":"2018-04-22T10:53:17","date_gmt":"2018-04-22T08:53:17","guid":{"rendered":"http:\/\/blogs.diariosur.es\/avuelapluma\/?p=3211"},"modified":"2018-04-22T10:57:49","modified_gmt":"2018-04-22T08:57:49","slug":"san-marcos-un-sonado-y-secular-festejo-en-la-serrania-de-ronda","status":"publish","type":"post","link":"https:\/\/blogs.diariosur.es\/avuelapluma\/2018\/04\/22\/san-marcos-un-sonado-y-secular-festejo-en-la-serrania-de-ronda\/","title":{"rendered":"San Marcos, un sonado y secular festejo en la Serran\u00eda de Ronda"},"content":{"rendered":"<p><img src=\"https:\/\/encrypted-tbn1.gstatic.com\/images?q=tbn:ANd9GcR8RS2KkeVKmL0yS5lpHZnchqKqqR4--RRg7Vb0u9IoheLtGFqx\" alt=\"\" \/><\/p>\n<p>San Marcos, un sonado festejo en la Serran\u00eda de Ronda<\/p>\n<p>Posiblemente,\u00a0\u00a0muchos de los benaojanos que se entregan en cuerpo y alma a los festejos que cada 25 de abril, y los d\u00edas que anteceden o suceden a esta fecha, no hayan hecho muchas investigaciones sobre la vida y obra del Santo Evangelista. A ellos les es suficiente saber que es el Patr\u00f3n del pueblo desde tiempo inmemorial (posiblemente desde que fue construida la iglesia del Rosario, all\u00e1 por la primera centuria del siglo XVI, aunque se someti\u00f3 a reformas hasta fechas muy recientes) y que la tradici\u00f3n manda que ese d\u00eda se\u00f1alado San Marcos, cuando culmina la ma\u00f1ana, en sitial a hombros de mozos del pueblo, seguido muy de cerca por los mayordomos que cada a\u00f1o se suceden en el cargo y sobre los que cae la organizaci\u00f3n del festejo,\u00a0abandona\u00a0\u00a0el templo,\u00a0 y en devota procesi\u00f3n \u00a0\u00a0 por las principales calles del pueblo hasta llega\u00a0hasta Pozo que lleva su nombre,m situado en la antigua entrada del caser\u00edo. Y que el trono tiene que permanecer repleto de claveles a los pies del santo var\u00f3n y al lado del le\u00f3n, su s\u00edmbolo. Y que la ininterrumpida <em>coheteada<\/em> ha de durar todo el tiempo del itinerario, hasta el encierro de la imagen en el templo.<\/p>\n<p>Lo de menos es saber que el autor del segundo Evangelio fue uno de los primeros que abrazaron la religi\u00f3n de Jes\u00fas y que como el resto de los seguidores del Maestro tuvo que soslayar la ira de los perseguidores y permanecer escondido durante sus batidas. Dicen las fuentes consultadas que su conversi\u00f3n se debi\u00f3 a la predicaci\u00f3n de San Pedro en Jerusal\u00e9n y que se convirti\u00f3 desde entonces en traductor del Ap\u00f3stol que ten\u00eda escasos conocimientos del griego. Esta amistad hizo posible que Marcos, siguiendo al pie de la letra las instrucciones de Pedro, escribiera el Evangelio, durante su estancia en Roma. Y que, luego, fue primer Obispo de Alejandr\u00eda, en donde muri\u00f3.<\/p>\n<p>Benaoj\u00e1n lo que busca en estos d\u00edas, aparte de mostrar su veneraci\u00f3n y respeto a San Marcos, es la diversi\u00f3n. De eso se encargan los mayordomos, que organizan bailes con reputadas orquestas en ya en la plaza del Ayuntamiento, ya en la Caseta de Feria. Y en ofrecer a la concurrencia tanto la propia como la extra\u00f1a &#8211; visitantes ocasionales \u2013 degustaciones gratuitas de la chaciner\u00eda local. Si viene bien se recurre a concursos de domin\u00f3 o de tiro al plato, o a iluminar la noche serrana con el centellear de los fuegos artificiales.<\/p>\n<p>Los emigrantes vuelven por estas fechas a su lugar de nacimiento. Y ese es otro motivo de contento familiar. Todos se muestran orgullosos de haber sido bautizados \u201cen la pila de San Marcos\u201d, un timbre de gloria para muchos. Tambi\u00e9n, venga o no al caso, adem\u00e1s de los v\u00edtores al Patr\u00f3n, todav\u00eda hay quien, a viva voz, recita la sentencia entre sacra e irreverente que hicieron suyo desde, mucho tiempo atr\u00e1s la gente del lugar: \u201c San Marcos Bendito, Patr\u00f3n Soberano, si no nos echas agua, al pozo te echamos\u201d. Es lo que se clamaba, cuando las fiestas coincid\u00edan con temporadas de sequ\u00eda tenaz en el exacto lugar en donde se emplazaba un antiguo pozo (hoy arbitraria y desgraciadamente desaparecido) al lado de los predios sembrados, lugar hasta donde se hac\u00eda llegar la imagen del santo.<\/p>\n<p>&nbsp;<\/p>\n","protected":false},"excerpt":{"rendered":"<p>San Marcos, un sonado festejo en la Serran\u00eda de Ronda Posiblemente,\u00a0\u00a0muchos de los benaojanos que se entregan en cuerpo y alma a los festejos que cada 25 de abril, y los d\u00edas que anteceden o suceden a esta fecha, no hayan hecho muchas investigaciones sobre la vida y obra del Santo Evangelista. A ellos les [&hellip;]<\/p>\n","protected":false},"author":27495,"featured_media":0,"comment_status":"open","ping_status":"closed","sticky":false,"template":"","format":"standard","meta":[],"categories":[3,8,21],"tags":[1112,934,958],"_links":{"self":[{"href":"https:\/\/blogs.diariosur.es\/avuelapluma\/wp-json\/wp\/v2\/posts\/3211"}],"collection":[{"href":"https:\/\/blogs.diariosur.es\/avuelapluma\/wp-json\/wp\/v2\/posts"}],"about":[{"href":"https:\/\/blogs.diariosur.es\/avuelapluma\/wp-json\/wp\/v2\/types\/post"}],"author":[{"embeddable":true,"href":"https:\/\/blogs.diariosur.es\/avuelapluma\/wp-json\/wp\/v2\/users\/27495"}],"replies":[{"embeddable":true,"href":"https:\/\/blogs.diariosur.es\/avuelapluma\/wp-json\/wp\/v2\/comments?post=3211"}],"version-history":[{"count":2,"href":"https:\/\/blogs.diariosur.es\/avuelapluma\/wp-json\/wp\/v2\/posts\/3211\/revisions"}],"predecessor-version":[{"id":3214,"href":"https:\/\/blogs.diariosur.es\/avuelapluma\/wp-json\/wp\/v2\/posts\/3211\/revisions\/3214"}],"wp:attachment":[{"href":"https:\/\/blogs.diariosur.es\/avuelapluma\/wp-json\/wp\/v2\/media?parent=3211"}],"wp:term":[{"taxonomy":"category","embeddable":true,"href":"https:\/\/blogs.diariosur.es\/avuelapluma\/wp-json\/wp\/v2\/categories?post=3211"},{"taxonomy":"post_tag","embeddable":true,"href":"https:\/\/blogs.diariosur.es\/avuelapluma\/wp-json\/wp\/v2\/tags?post=3211"}],"curies":[{"name":"wp","href":"https:\/\/api.w.org\/{rel}","templated":true}]}}