{"id":3216,"date":"2018-04-26T08:00:50","date_gmt":"2018-04-26T06:00:50","guid":{"rendered":"http:\/\/blogs.diariosur.es\/avuelapluma\/?p=3216"},"modified":"2018-04-26T08:00:50","modified_gmt":"2018-04-26T06:00:50","slug":"el-libro-protagonista-en-ronda","status":"publish","type":"post","link":"https:\/\/blogs.diariosur.es\/avuelapluma\/2018\/04\/26\/el-libro-protagonista-en-ronda\/","title":{"rendered":"El libro, protagonista en Ronda"},"content":{"rendered":"<p>El libro, protagonista en Ronda<\/p>\n<p>JOS\u00c9 BECERRA<\/p>\n<p>Todos los d\u00edas se celebran\u00a0eventos festivos y culturales\u00a0de cariz diferente a lo largo y ancho de la geograf\u00eda hispana. Se dedican a una u otra advocaci\u00f3n religiosa o efem\u00e9ride hist\u00f3rica y la vecindad acude en masa para celebrar el d\u00eda como corresponde. Tambi\u00e9n el libro tiene su d\u00eda \u2013 23 de Abril) y la emblem\u00e1tica y ronde\u00f1a plaza del Socorro acoge una muestra que tiene como protagonista indubitable a ese mont\u00f3n de hojas impresas que de tantas cuestiones nos hablan, relatan y educan, o de hacen pasar momentos gratos: el libro. Van a permanecer en los estands hasta el 1 de mayo, y se encargan de ello editoriales como \u201cLa Serran\u00eda\u201d de raigambre ronde\u00f1a y dirigida, por Jos\u00e9 Manuel Dorado, infatigable editor que no se arredra ante las dificultades y que viene dando muestras de su buen hacer, \u00a0\u00a0y librer\u00edas, tales \u201cImagine\u201d y \u201cDumas\u201d. Ofrecer\u00e1n las \u00faltimas novedades salidas de las linotipias, adem\u00e1s de las que componen los extensos cat\u00e1logos de obras que se ocupan de Ronda, su gente y su historia, am\u00e9n de un sinf\u00edn de temas que han de atraer y seducir al m\u00e1s heterog\u00e9neo p\u00fablico, que hasta el 1 de mayo se acerque a las instalaciones.<\/p>\n<p>Redondeando el acontecimiento librero, sapiente y entretenido \u2013 se exponen libros dentro de una inimaginable gama de contenidos \u2013 se celebrar\u00e1n charlas y presentaciones de libros de autores ronde\u00f1os y nacionales que de seguro acaparar\u00e1n la atenci\u00f3n del visitante. El saber, la distracci\u00f3n, el aprendizaje y el puro encuentro con las tradiciones de Ronda y los pueblos de su entorno ser\u00e1n motivos de inter\u00e9s y disfrute de cuantos de acerquen a las instalaciones.<\/p>\n<p>Proclam\u00f3 una escritora estadounidense (Harrier Beecher) del siglo XIX que \u201clos libros no se han hecho para servir de adorno; sin embargo, nada hay que embellezca tanto como ellos el interior de un hogar\u201d. Si a esto se a\u00f1ade\u00a0 que un buen libro es un regalo precioso que el autor hace a la humanidad habr\u00e1 que considerar que es un motivo m\u00e1s para acercarnos a esta Feria y adquirir el libro que m\u00e1s nos llame la atenci\u00f3n.<\/p>\n<p>Ronda acoge el pensamiento y el saber de innumerables autores ronde\u00f1os, malague\u00f1os y nacionales. Vale la pena acercarnos y comprobar el legado que nos dejaron en letra impresa.<\/p>\n","protected":false},"excerpt":{"rendered":"<p>El libro, protagonista en Ronda JOS\u00c9 BECERRA Todos los d\u00edas se celebran\u00a0eventos festivos y culturales\u00a0de cariz diferente a lo largo y ancho de la geograf\u00eda hispana. Se dedican a una u otra advocaci\u00f3n religiosa o efem\u00e9ride hist\u00f3rica y la vecindad acude en masa para celebrar el d\u00eda como corresponde. Tambi\u00e9n el libro tiene su d\u00eda [&hellip;]<\/p>\n","protected":false},"author":27495,"featured_media":0,"comment_status":"open","ping_status":"closed","sticky":false,"template":"","format":"standard","meta":[],"categories":[3,13,21],"tags":[457,628,922],"_links":{"self":[{"href":"https:\/\/blogs.diariosur.es\/avuelapluma\/wp-json\/wp\/v2\/posts\/3216"}],"collection":[{"href":"https:\/\/blogs.diariosur.es\/avuelapluma\/wp-json\/wp\/v2\/posts"}],"about":[{"href":"https:\/\/blogs.diariosur.es\/avuelapluma\/wp-json\/wp\/v2\/types\/post"}],"author":[{"embeddable":true,"href":"https:\/\/blogs.diariosur.es\/avuelapluma\/wp-json\/wp\/v2\/users\/27495"}],"replies":[{"embeddable":true,"href":"https:\/\/blogs.diariosur.es\/avuelapluma\/wp-json\/wp\/v2\/comments?post=3216"}],"version-history":[{"count":1,"href":"https:\/\/blogs.diariosur.es\/avuelapluma\/wp-json\/wp\/v2\/posts\/3216\/revisions"}],"predecessor-version":[{"id":3217,"href":"https:\/\/blogs.diariosur.es\/avuelapluma\/wp-json\/wp\/v2\/posts\/3216\/revisions\/3217"}],"wp:attachment":[{"href":"https:\/\/blogs.diariosur.es\/avuelapluma\/wp-json\/wp\/v2\/media?parent=3216"}],"wp:term":[{"taxonomy":"category","embeddable":true,"href":"https:\/\/blogs.diariosur.es\/avuelapluma\/wp-json\/wp\/v2\/categories?post=3216"},{"taxonomy":"post_tag","embeddable":true,"href":"https:\/\/blogs.diariosur.es\/avuelapluma\/wp-json\/wp\/v2\/tags?post=3216"}],"curies":[{"name":"wp","href":"https:\/\/api.w.org\/{rel}","templated":true}]}}