{"id":3225,"date":"2018-05-18T11:11:05","date_gmt":"2018-05-18T09:11:05","guid":{"rendered":"http:\/\/blogs.diariosur.es\/avuelapluma\/?p=3225"},"modified":"2018-05-18T11:18:25","modified_gmt":"2018-05-18T09:18:25","slug":"la-serrania-en-pie-de-guerra","status":"publish","type":"post","link":"https:\/\/blogs.diariosur.es\/avuelapluma\/2018\/05\/18\/la-serrania-en-pie-de-guerra\/","title":{"rendered":"La Serran\u00eda en pie de guerra"},"content":{"rendered":"<p><img src=\"\/\/static.diariosur.es\/www\/multimedia\/201804\/30\/media\/cortadas\/protesta-kTbH-U501775683729sbB-624x385@Diario%20Sur.jpg\" alt=\"Resultado de imagen de FOTOS PROTESTAS EN RONDA SOBRE LAS CARRETERAS\" \/><\/p>\n<p>Foto Diario SUR<\/p>\n<p>La Serran\u00eda en pie de guerra<\/p>\n<p>Ronda postergada, olvidada por los pol\u00edticos se\u00f1eros provinciales y auton\u00f3micos de uno u otro signo, que miran hacia otra parte ante un problema candente, haciendo o\u00eddos sordos a sus m\u00e1s urgentes y justas reivindicaciones. Contra esta actitud inconsecuente de las administraciones p\u00fablicas se\u00a0 alz\u00f3 d\u00edas atr\u00e1s \u00a0una voz \u00fanica y estent\u00f3rea en demanda de la autov\u00eda que la unir\u00eda con M\u00e1laga sin tener que sortearse los peligros y demoras que hasta ahora se perpet\u00faan en la maltrecha carretera de San Pedro, que la une con la ciudad, as\u00ed como por la\u00a0 mejora urgente del resto de comunicaciones, las cuales dejan tanto dejan que desear.<\/p>\n<p>En la protesta por el estado de las comunicaciones ronde\u00f1as participaron, como no pod\u00eda ser de otra manera, los municipios aleda\u00f1os, cuyos habitantes siguieron las sugerencias de sus regidores municipales respectivos para unirse a ella en cuanto en tanto a ellos les interesa que se ponga fin al agravio comparativo que Ronda y la Serran\u00eda circundante vienen padeciendo desde a\u00f1os atr\u00e1s ante la pasividad de quienes poseen la potestad para dar soluci\u00f3n a tan acuciante problema. Habr\u00eda que destacar que a resultas de los modelos de moci\u00f3n para aprobar en los respectivos plenos que requer\u00edan la Plataforma reivindicativa a los ayuntamientos solo fue secundada por los de Montejaque\u00a0 y Setenil; aunque habr\u00eda que se\u00f1alar que algunos de los primeros ediles de la demarcaciones cercanas se sumaron a la demanda callejera que tuvo visos de hist\u00f3rica.<\/p>\n<p>Es de esperar que ahora, ante una reivindicaci\u00f3n de trazas hist\u00f3rica, no sea como clamar en el desierto y que sea la definitiva de cuantas se han llevado a cabo sobre el lastimoso estado de las carreteras que cruzan la comarca de Ronda y la que tambi\u00e9n de manera azarosa la unen con M\u00e1laga. Circular por ella se ha convertido en los \u00faltimos tiempos en una odisea, que algunas veces culmina en un accidente mortal. Hasta ahora han sido plataformas pol\u00edticas las que han dirigido quejas sobre las lamentables condiciones de los viales a las administraciones p\u00fablicas (Diputaci\u00f3n y Comunidad Aut\u00f3noma) que no han logrado sino la callada por respuestas, o en mejor de los casos, dar largas a la pretensi\u00f3n\u00a0<em>sine d\u00ede<\/em>\u00a0de llevar a cabo la realizaci\u00f3n de proyecto alguno.<\/p>\n<p>Ahora son los ciudadanos quienes cargados de raz\u00f3n reclaman un plan que ponga fin a una situaci\u00f3n que se muestra insostenible a todas luces,\u00a0 y que est\u00e1 resultando un serio h\u00e1ndicap para el desarrollo econ\u00f3mico de los pueblos de la comarca, muchos debati\u00e9ndose en la m\u00e1s absoluta inopia. \u00bfSer\u00eda mucho pedir que las promesas de gobiernos de los m\u00e1s distintos signos cuajasen al fin con la realizaci\u00f3n de una autov\u00eda que una Ronda con la populosa Costa del Sol? Con grandes alharacas se anunci\u00f3 adem\u00e1s la posible llegada del AVE a la ciudad, lo que permitir\u00eda llegar a Madrid por este medio en poco m\u00e1s de 3 horas, las mismas que se emplean en la actualidad para llegar a M\u00e1laga desde la ciudad del Tajo en trenes a\u00f1osos. De nada ha servido hasta ahora que la poblaci\u00f3n ronde\u00f1a haya superado los 30.000 habitantes; por lo visto no son suficientes para que desde las altas instancias administrativas nos saquen de la mengua de comunicaciones que, con ese vecindario,\u00a0\u00a0 no tiene parang\u00f3n en el resto de Espa\u00f1a en donde s\u00ed gozan de ese privilegio.<\/p>\n<p>Consternados por el silencio de quienes nos gobiernan desde las m\u00e1s altas instancias pol\u00edticas a las reiteradas demandas de alcaldes y ciudadanos tom\u00f3 cuerpo \u00a0una plataforma reivindicativa con fuerza y tes\u00f3n \u00a0para conseguir una regeneraci\u00f3n de estos viales que ahora se muestran como un serio h\u00e1ndicap para el desarrollo econ\u00f3mico de la zona, aparte de garantizar la seguridad de cuantos con sus veh\u00edculos transitan por ella.<\/p>\n<p>L\u00e1stima que la inopinada y corta estancia\u00a0 del presidente Rajoy a Ronda por un motivo f\u00fatil no coincidiera con la concentraci\u00f3n de la protesta. Tuvo, empero, conciencia del problema, y veremos si eso se traduce en algo positivo para la ciudad y la Serran\u00eda.<\/p>\n<p>Hay algo que no se puede obviar y que, al hilo de los acontecimientos,\u00a0 habr\u00eda que resaltar.\u00a0 Se afirma que el eje ferroviario Bobadilla- Algeciras ser\u00e1 una realidad m\u00e1s temprano que tarde; es\u00a0 lo que quiso dejar por asentado\u00a0 el ministro de Fomento, \u00cd\u00f1igo de la Serna, d\u00edas atr\u00e1s, ya que el Gobierno lo considera como \u201cprioridad econ\u00f3mica absoluta\u201d,\u00a0 afirmando que los Presupuestos atender\u00e1n esta demanda por muy restringidos que sean.<\/p>\n<p>Algo parece estar movi\u00e9ndose para esta provincia malague\u00f1a, y en concreto para el Campo de Gibraltar y Ronda y su\u00a0 carism\u00e1tica Serran\u00eda. Loado sea.<\/p>\n","protected":false},"excerpt":{"rendered":"<p>Foto Diario SUR La Serran\u00eda en pie de guerra Ronda postergada, olvidada por los pol\u00edticos se\u00f1eros provinciales y auton\u00f3micos de uno u otro signo, que miran hacia otra parte ante un problema candente, haciendo o\u00eddos sordos a sus m\u00e1s urgentes y justas reivindicaciones. Contra esta actitud inconsecuente de las administraciones p\u00fablicas se\u00a0 alz\u00f3 d\u00edas atr\u00e1s [&hellip;]<\/p>\n","protected":false},"author":27495,"featured_media":0,"comment_status":"open","ping_status":"closed","sticky":false,"template":"","format":"standard","meta":[],"categories":[19,1],"tags":[190,1114,922],"_links":{"self":[{"href":"https:\/\/blogs.diariosur.es\/avuelapluma\/wp-json\/wp\/v2\/posts\/3225"}],"collection":[{"href":"https:\/\/blogs.diariosur.es\/avuelapluma\/wp-json\/wp\/v2\/posts"}],"about":[{"href":"https:\/\/blogs.diariosur.es\/avuelapluma\/wp-json\/wp\/v2\/types\/post"}],"author":[{"embeddable":true,"href":"https:\/\/blogs.diariosur.es\/avuelapluma\/wp-json\/wp\/v2\/users\/27495"}],"replies":[{"embeddable":true,"href":"https:\/\/blogs.diariosur.es\/avuelapluma\/wp-json\/wp\/v2\/comments?post=3225"}],"version-history":[{"count":3,"href":"https:\/\/blogs.diariosur.es\/avuelapluma\/wp-json\/wp\/v2\/posts\/3225\/revisions"}],"predecessor-version":[{"id":3228,"href":"https:\/\/blogs.diariosur.es\/avuelapluma\/wp-json\/wp\/v2\/posts\/3225\/revisions\/3228"}],"wp:attachment":[{"href":"https:\/\/blogs.diariosur.es\/avuelapluma\/wp-json\/wp\/v2\/media?parent=3225"}],"wp:term":[{"taxonomy":"category","embeddable":true,"href":"https:\/\/blogs.diariosur.es\/avuelapluma\/wp-json\/wp\/v2\/categories?post=3225"},{"taxonomy":"post_tag","embeddable":true,"href":"https:\/\/blogs.diariosur.es\/avuelapluma\/wp-json\/wp\/v2\/tags?post=3225"}],"curies":[{"name":"wp","href":"https:\/\/api.w.org\/{rel}","templated":true}]}}