{"id":3232,"date":"2018-05-29T10:11:45","date_gmt":"2018-05-29T08:11:45","guid":{"rendered":"http:\/\/blogs.diariosur.es\/avuelapluma\/?p=3232"},"modified":"2018-05-29T10:11:45","modified_gmt":"2018-05-29T08:11:45","slug":"la-rondena-feria-de-mayo-fascina-a-propios-y-extranos","status":"publish","type":"post","link":"https:\/\/blogs.diariosur.es\/avuelapluma\/2018\/05\/29\/la-rondena-feria-de-mayo-fascina-a-propios-y-extranos\/","title":{"rendered":"La ronde\u00f1a Feria de Mayo fascina a propios y extra\u00f1os"},"content":{"rendered":"<p><strong>La ronde\u00f1a Feria de Mayo fascina a propios y extra\u00f1os<\/strong><\/p>\n<p><strong>JOS\u00c9 BECERRA<\/strong><\/p>\n<p><strong>\u00a0<\/strong><strong>La Feria de Mayo, que luce con orgullo el estandarte de Real, tiene sus principios m\u00e1s de 500 atr\u00e1s, lo que habla a las claras de su larga y\u00a0 acrisolada historia. Ronda es durante estos festejos primaverales por excelencia foco de atracci\u00f3n de media Espa\u00f1a. Aqu\u00ed y ahora asientan sus reales el sector agr\u00edcola y ganadero de la Serran\u00eda y lucen con todo esplendor la particular gastronom\u00eda de la zona, sus costumbres heredadas de padres a hijos, y su paisaje agreste, crisoles todos\u00a0 \u00a0imperecederos de cuanto sugestivo puede ofrecer la zona.<\/strong><\/p>\n<p><strong>\u00a0\u00a0 La Comisi\u00f3n Organizadora de Ronda Rom\u00e1ntica present\u00f3 d\u00edas atr\u00e1s la IV edici\u00f3n. Revivir el esplendor rom\u00e1ntico en la ciudad y los pueblos aleda\u00f1os es su fin primordial. El evento tuvo lugar el 18 del mes en curso \u00a0cuando ya se atisbabann los albores de la Feria de Mayo, ganadera y se\u00f1orial.<\/strong><\/p>\n<p><strong>Ronda, que tiene mucho que ofrecer, ah\u00ed est\u00e1n los monumentos naturales \u2013 el Tajo, s\u00edmbolo que la catapulta tanto al interior del pa\u00eds como allende fronteras \u2013 como debido a la mano del hombre- Puente Nuevo, vetustos conventos, suntuosas iglesias, palacios y casas solariegas cargadas de a\u00f1os e historia\u2026 \u2013 solo tendr\u00e1 que poner en juego sus encantos para que lleguen a todas las latitudes. Algo que se hizo en la Feria Internacional del Turismo (FITUR, para los allegados) y que ya empieza a dar frutos espl\u00e9ndidos, puesta la mirada en mercados tan prometedores como el chino y el ruso, que brit\u00e1nicos, franceses y estadounidenses ya saben de la peculiaridad y la belleza paisaj\u00edstica y monumental de Ronda.<\/strong><\/p>\n<p><strong>Los escritores rom\u00e1nticos quedaron anonadados con la contemplaci\u00f3n de \u201cestas tierras grandiosas\u201d. Coinciden en afirmar, trasladando a los lectores esta apreciaci\u00f3n, su atractivo peculiar y les invitan a que vengan a visitarla no importa desde qu\u00e9 rinc\u00f3n de Europa. Fue el suyo un regalo descriptivo que nunca agradeceremos bastante. Desfiladeros imponentes y majestuosas sierras no les asustaban, sino que como afirma la viajera Madame de Suberwick- que tambi\u00e9n hubo damas viajeras que se dejaron ganar por el brav\u00edo paisaje que contemplaban-, afirm\u00f3 que \u201c parajes m\u00e1s que asustarle le cautivaban\u201d. De la misma opini\u00f3n es Richard Ford, posiblemente el viajero m\u00e1s conocido por sus antiguas gu\u00edas de viaje por Espa\u00f1a.<\/strong><\/p>\n<p><strong>Con un valor a\u00f1adido, el del interior comarcal \u2013 pueblos blancos alineados a lo largo y ancho de la Serran\u00eda- cuyo m\u00e9rito se est\u00e1 poniendo merecidamente en valor y que obran como acicate a las miradas tanto del interior como exterior de nuestro suelo patrio.<\/strong><\/p>\n<p><strong>La Ronda, siempre fascinante y luminosa, acrecienta en estos d\u00edas su esplendor, maravillando\u00a0 tanto a propios como a\u00a0extra\u00f1os.\u00a0 \u00a0<\/strong><\/p>\n<p>&nbsp;<\/p>\n<p>&nbsp;<\/p>\n","protected":false},"excerpt":{"rendered":"<p>La ronde\u00f1a Feria de Mayo fascina a propios y extra\u00f1os JOS\u00c9 BECERRA \u00a0La Feria de Mayo, que luce con orgullo el estandarte de Real, tiene sus principios m\u00e1s de 500 atr\u00e1s, lo que habla a las claras de su larga y\u00a0 acrisolada historia. Ronda es durante estos festejos primaverales por excelencia foco de atracci\u00f3n de [&hellip;]<\/p>\n","protected":false},"author":27495,"featured_media":0,"comment_status":"open","ping_status":"closed","sticky":false,"template":"","format":"standard","meta":[],"categories":[1],"tags":[],"_links":{"self":[{"href":"https:\/\/blogs.diariosur.es\/avuelapluma\/wp-json\/wp\/v2\/posts\/3232"}],"collection":[{"href":"https:\/\/blogs.diariosur.es\/avuelapluma\/wp-json\/wp\/v2\/posts"}],"about":[{"href":"https:\/\/blogs.diariosur.es\/avuelapluma\/wp-json\/wp\/v2\/types\/post"}],"author":[{"embeddable":true,"href":"https:\/\/blogs.diariosur.es\/avuelapluma\/wp-json\/wp\/v2\/users\/27495"}],"replies":[{"embeddable":true,"href":"https:\/\/blogs.diariosur.es\/avuelapluma\/wp-json\/wp\/v2\/comments?post=3232"}],"version-history":[{"count":1,"href":"https:\/\/blogs.diariosur.es\/avuelapluma\/wp-json\/wp\/v2\/posts\/3232\/revisions"}],"predecessor-version":[{"id":3233,"href":"https:\/\/blogs.diariosur.es\/avuelapluma\/wp-json\/wp\/v2\/posts\/3232\/revisions\/3233"}],"wp:attachment":[{"href":"https:\/\/blogs.diariosur.es\/avuelapluma\/wp-json\/wp\/v2\/media?parent=3232"}],"wp:term":[{"taxonomy":"category","embeddable":true,"href":"https:\/\/blogs.diariosur.es\/avuelapluma\/wp-json\/wp\/v2\/categories?post=3232"},{"taxonomy":"post_tag","embeddable":true,"href":"https:\/\/blogs.diariosur.es\/avuelapluma\/wp-json\/wp\/v2\/tags?post=3232"}],"curies":[{"name":"wp","href":"https:\/\/api.w.org\/{rel}","templated":true}]}}