{"id":3236,"date":"2018-06-01T10:56:30","date_gmt":"2018-06-01T08:56:30","guid":{"rendered":"http:\/\/blogs.diariosur.es\/avuelapluma\/?p=3236"},"modified":"2018-06-01T10:56:30","modified_gmt":"2018-06-01T08:56:30","slug":"alcaldes-comprometidos-por-una-justa-causa","status":"publish","type":"post","link":"https:\/\/blogs.diariosur.es\/avuelapluma\/2018\/06\/01\/alcaldes-comprometidos-por-una-justa-causa\/","title":{"rendered":"Alcaldes comprometidos por una justa causa"},"content":{"rendered":"<p>Alcaldes comprometidos por una justa causa<\/p>\n<p>En un pueblo o ciudad cualesquiera si existe un l\u00edder absoluto este atributo recae en la figura de su alcalde (o alcaldesa). Es a quien se le encomienda los destinos del conjunto de los habitantes de cualquier demarcaci\u00f3n geogr\u00e1fica \u00a0que en su d\u00eda lo auparon al cargo mediante el sufragio colectivo. Procede la expresi\u00f3n alcalde de la francesa <em>maire, <\/em>que en el pa\u00eds contiguo de siglos atr\u00e1s se podr\u00eda traducir como \u201ccabeza de la ciudad o gobierno de un pueblo\u201d. Como tales les corresponde la defensa a ultranza de la hacienda y vida de sus conciudadanos.<\/p>\n<p>Es el caso de los regidores que nos ocupa, comprometidos por una causa com\u00fan con el conjunto de pueblos que se alinean a lo largo y ancho de Ronda y su Serran\u00eda. Es lo que pide la \u00b4Plataforma Autov\u00eda\u00a0 Ya\u2019 \u00a0a los primeros ediles de la comarca para que todos a una reclamen a los organismos superiores que se conceda la atenci\u00f3n que merecen las comunicaciones, esas que dejan mucho que desear en el conglomerado de pueblos que la conforman. Situaci\u00f3n \u00e9sta que si no cercena del todo s\u00ed dificulta por su lamentable estado la conexi\u00f3n con la capital malague\u00f1a, su costa, y el resto de las provincias andaluzas, con lo que ello conlleva para el desarrollo econ\u00f3mico y vecinal\u00a0 de los n\u00facleos de poblaci\u00f3n afectados. La despoblaci\u00f3n comarcal ha comenzado a ser alarmante y todo apunta a que carreteras descuidadas y peligrosas tienen mucho que ver con este fen\u00f3meno adverso ya claramente constatado.<\/p>\n<p>Relegar la asistencia a los viales que circundan la zona ronde\u00f1a se ha convertido en un mal end\u00e9mico que repercute \u00a1y de qu\u00e9 manera! en la poblaci\u00f3n. Consciente de ello, los alcaldes, figuras autorizadas y representativas de los pueblos afectados por esta dejadez de las instituciones superiores ante el acuciante problema, no deber\u00edan pasar por alto la petici\u00f3n de la Plataforma reivindicativa y hacer llegar de manera conjunta sus peticiones y quejas al Parlamento de Andaluc\u00eda. Objetivo inaplazable: que desde esta alta instancia se tomen cartas tendentes a la soluci\u00f3n de tan ostensible como preocupante cuesti\u00f3n. Se insta as\u00ed a los primeros ediles de cada pueblo a que convoquen sesiones plenarias que tengan como objetivo \u00faltimo la promoci\u00f3n de mociones con el fin de hacer llegar sus conclusiones a las altas esferas pol\u00edticas y administrativas de la regi\u00f3n para que \u00e9sta obre sin dilaci\u00f3n en la pronta soluci\u00f3n de las carencias viarias que adolece la comarca y que frena su desarrollo en todos los sentidos.<\/p>\n<p>Carreteras deficientes e imperiosa necesidad de una autov\u00eda que la comunique con M\u00e1laga, este es la demanda que casi a voz en grito \u00a0se repite en la vecindad de todas y cada una de las localidades afectadas por la dejadez de las administraciones p\u00fablicas. Ya es hora de que se reconozcan estas carencias, que vienen desde mucho tiempo atr\u00e1s, pero que \u00a0parece que hasta ahora no se hace otra cosa que o\u00eddos sordos a tan justa pretensi\u00f3n. Veremos si todos los regidores, unidos por una sola voz, esta vez no claman en el desierto.<\/p>\n<p>Como l\u00edderes de pueblos o ciudades, a los alcaldes les compete no solo su gobierno, sino litigar all\u00ed en donde haga falta para las mejoras de las condiciones de vida de todos y cada uno de la demarcaci\u00f3n que rige. Horacio Amez\u00faa, pensador argentino, nos dej\u00f3 esta sabia sentencia al respecto: \u201cDejad a los gobiernos central y regional que administren la pol\u00edtica abstracta de las grandes palabras, y dejad a los Ayuntamientos que nos ocupemos de la vida diaria y concreta, porque jam\u00e1s aspiramos a m\u00e1s alto honor\u201d. Esta vida concreta en torno a unas comunicaciones del todo deplorables es lo que se pide ahora a los regidores de Ronda y su Serran\u00eda para que intercedan all\u00e1 en donde corresponda: su compromiso en la defensa de una justa causa puede ser decisivo para alcanzarla.<\/p>\n","protected":false},"excerpt":{"rendered":"<p>Alcaldes comprometidos por una justa causa En un pueblo o ciudad cualesquiera si existe un l\u00edder absoluto este atributo recae en la figura de su alcalde (o alcaldesa). Es a quien se le encomienda los destinos del conjunto de los habitantes de cualquier demarcaci\u00f3n geogr\u00e1fica \u00a0que en su d\u00eda lo auparon al cargo mediante el [&hellip;]<\/p>\n","protected":false},"author":27495,"featured_media":0,"comment_status":"open","ping_status":"closed","sticky":false,"template":"","format":"standard","meta":[],"categories":[1],"tags":[],"_links":{"self":[{"href":"https:\/\/blogs.diariosur.es\/avuelapluma\/wp-json\/wp\/v2\/posts\/3236"}],"collection":[{"href":"https:\/\/blogs.diariosur.es\/avuelapluma\/wp-json\/wp\/v2\/posts"}],"about":[{"href":"https:\/\/blogs.diariosur.es\/avuelapluma\/wp-json\/wp\/v2\/types\/post"}],"author":[{"embeddable":true,"href":"https:\/\/blogs.diariosur.es\/avuelapluma\/wp-json\/wp\/v2\/users\/27495"}],"replies":[{"embeddable":true,"href":"https:\/\/blogs.diariosur.es\/avuelapluma\/wp-json\/wp\/v2\/comments?post=3236"}],"version-history":[{"count":1,"href":"https:\/\/blogs.diariosur.es\/avuelapluma\/wp-json\/wp\/v2\/posts\/3236\/revisions"}],"predecessor-version":[{"id":3237,"href":"https:\/\/blogs.diariosur.es\/avuelapluma\/wp-json\/wp\/v2\/posts\/3236\/revisions\/3237"}],"wp:attachment":[{"href":"https:\/\/blogs.diariosur.es\/avuelapluma\/wp-json\/wp\/v2\/media?parent=3236"}],"wp:term":[{"taxonomy":"category","embeddable":true,"href":"https:\/\/blogs.diariosur.es\/avuelapluma\/wp-json\/wp\/v2\/categories?post=3236"},{"taxonomy":"post_tag","embeddable":true,"href":"https:\/\/blogs.diariosur.es\/avuelapluma\/wp-json\/wp\/v2\/tags?post=3236"}],"curies":[{"name":"wp","href":"https:\/\/api.w.org\/{rel}","templated":true}]}}