{"id":3238,"date":"2018-06-05T11:33:19","date_gmt":"2018-06-05T09:33:19","guid":{"rendered":"http:\/\/blogs.diariosur.es\/avuelapluma\/?p=3238"},"modified":"2018-06-05T11:33:19","modified_gmt":"2018-06-05T09:33:19","slug":"interpretando-la-prehistoria-desde-benaojan","status":"publish","type":"post","link":"https:\/\/blogs.diariosur.es\/avuelapluma\/2018\/06\/05\/interpretando-la-prehistoria-desde-benaojan\/","title":{"rendered":"Interpretando la Prehistoria desde Benaoj\u00e1n"},"content":{"rendered":"<p>&nbsp;<\/p>\n<p>Interpretando la Prehistoria desde Benaoj\u00e1n<\/p>\n<p>JOS\u00c9 BECERRA<\/p>\n<p>Si existe un lugar en la comarca\u00a0 de la Serran\u00eda de Ronda en la que el llamado homo sapiens anduvo a sus anchas por \u00e9l, este es sin duda, Benaoj\u00e1n, del que se dice con raz\u00f3n \u201centre pe\u00f1as escondido\u201d. Lo atestigua la existencia de dos cuevas que ofrecen muestras evidentes del paso \u00a0por ellas de nuestros ancestros; \u00a0all\u00ed dejaron \u00a0muestras irrefutables de sus modos de vida y de sus incipientes dotes art\u00edsticas, reflejos fieles \u00e9stas de un esp\u00edritu de observaci\u00f3n que hoy no deja de maravillarnos. Consciente de ello, dirigentes pol\u00edticos provinciales, encabezados por el presidente de la Diputaci\u00f3n,El\u00edas Bendodo, a instancias del Ayuntamiento regido por Soraya Garc\u00eda, en una visita al pueblo en cuesti\u00f3n han retomado la ya a\u00f1eja cuesti\u00f3n de crear un merecido Centro de Interpretaci\u00f3n de la Prehistoria.\u00a0 Trazas prehist\u00f3ricas, en efecto, presentan las dos espeluncas existentes en el t\u00e9rmino municipal \u2013 La Pileta y la del Hundidero- Gato, que comparte \u00e9sta \u00faltima sus vericuetos con el pueblo vecino y hermano de Montejaque\u2013 ambas con m\u00e9ritos para maravillar a quienes hasta ellas se acercaron para transitarlas.<\/p>\n<p>Hay que decir al respecto \u00a0que esta mano tendida que desde la Diputaci\u00f3n se brinda a los alcaldes bajo el paraguas de centros de interpretaci\u00f3n obedece a las demandas de los pueblos para hacer valer \u00a0recursos naturales y culturales que les son propios. Se persigue con ello aumentar la oferta tur\u00edstica como motor dinamizador del entorno. Una gesti\u00f3n \u00e9sta del ente provincial que en Benaoj\u00e1n ya se hizo valer mediante la concesi\u00f3n de una importante cifra para la construcci\u00f3n de una pasarela de acceso a la Cueva del Gato, a la vez que potenciaba la conservaci\u00f3n del entorno enmarcado en el espectacular paisaje de monta\u00f1a de su entorno. Hoy una esplendente realidad que facilita el paso a la carretera que une a la poblaci\u00f3n con Ronda.<\/p>\n<p>La puesta en valor de ambas cuevas, facilitando su acceso y el conocimiento por profesionales no pude por menos que repercutir en las condiciones socio-econ\u00f3micas del pueblo, con repercusiones\u00a0 ciertas en los \u00e1mbitos culturales y ambientales. Cuestiones que repercutir\u00e1n a buen seguro y que, como atracci\u00f3n tur\u00edstica de imponderable valor, \u00a0han de provocar seguro impacto en el desarrollo econ\u00f3mico de la zona. Un albergue tur\u00edstico ya sin utilidad en las cercan\u00edas de la estaci\u00f3n de RENFE\u00a0 ser\u00e1 el cuartel general desde que se impulsar\u00e1 este ambicioso proyecto que dinamiza\u00a0 la Prehistoria. Larga vida lo asista.<\/p>\n","protected":false},"excerpt":{"rendered":"<p>&nbsp; Interpretando la Prehistoria desde Benaoj\u00e1n JOS\u00c9 BECERRA Si existe un lugar en la comarca\u00a0 de la Serran\u00eda de Ronda en la que el llamado homo sapiens anduvo a sus anchas por \u00e9l, este es sin duda, Benaoj\u00e1n, del que se dice con raz\u00f3n \u201centre pe\u00f1as escondido\u201d. Lo atestigua la existencia de dos cuevas que [&hellip;]<\/p>\n","protected":false},"author":27495,"featured_media":0,"comment_status":"open","ping_status":"closed","sticky":false,"template":"","format":"standard","meta":[],"categories":[3,8,21],"tags":[1116,310],"_links":{"self":[{"href":"https:\/\/blogs.diariosur.es\/avuelapluma\/wp-json\/wp\/v2\/posts\/3238"}],"collection":[{"href":"https:\/\/blogs.diariosur.es\/avuelapluma\/wp-json\/wp\/v2\/posts"}],"about":[{"href":"https:\/\/blogs.diariosur.es\/avuelapluma\/wp-json\/wp\/v2\/types\/post"}],"author":[{"embeddable":true,"href":"https:\/\/blogs.diariosur.es\/avuelapluma\/wp-json\/wp\/v2\/users\/27495"}],"replies":[{"embeddable":true,"href":"https:\/\/blogs.diariosur.es\/avuelapluma\/wp-json\/wp\/v2\/comments?post=3238"}],"version-history":[{"count":1,"href":"https:\/\/blogs.diariosur.es\/avuelapluma\/wp-json\/wp\/v2\/posts\/3238\/revisions"}],"predecessor-version":[{"id":3239,"href":"https:\/\/blogs.diariosur.es\/avuelapluma\/wp-json\/wp\/v2\/posts\/3238\/revisions\/3239"}],"wp:attachment":[{"href":"https:\/\/blogs.diariosur.es\/avuelapluma\/wp-json\/wp\/v2\/media?parent=3238"}],"wp:term":[{"taxonomy":"category","embeddable":true,"href":"https:\/\/blogs.diariosur.es\/avuelapluma\/wp-json\/wp\/v2\/categories?post=3238"},{"taxonomy":"post_tag","embeddable":true,"href":"https:\/\/blogs.diariosur.es\/avuelapluma\/wp-json\/wp\/v2\/tags?post=3238"}],"curies":[{"name":"wp","href":"https:\/\/api.w.org\/{rel}","templated":true}]}}