{"id":3245,"date":"2018-06-15T19:20:05","date_gmt":"2018-06-15T17:20:05","guid":{"rendered":"http:\/\/blogs.diariosur.es\/avuelapluma\/?p=3245"},"modified":"2018-06-15T19:27:30","modified_gmt":"2018-06-15T17:27:30","slug":"kioscos-en-retirada","status":"publish","type":"post","link":"https:\/\/blogs.diariosur.es\/avuelapluma\/2018\/06\/15\/kioscos-en-retirada\/","title":{"rendered":"Kioscos en retirada"},"content":{"rendered":"<p>&nbsp;<\/p>\n<p><img src=\"\/\/www.pepenevado.es\/wp-content\/uploads\/2014\/04\/quiosco.jpg\" alt=\"Ver las im\u00e1genes de origen\" width=\"505\" data-reactid=\"29\" data-bm=\"9\" \/><\/p>\n<p>&nbsp;<\/p>\n<p>Kioscos en retirada<\/p>\n<p>Esa costumbre inveterada de acercarnos cada ma\u00f1ana al kiosco de la esquina m\u00e1s pr\u00f3xima para adquirir el peri\u00f3dico de nuestra predilecci\u00f3n, es notorio que lleva camino de pertenecer al pasado. Nuevos tiempos impelen distintos h\u00e1bitos. El gesto de adquirirlo en nuestra primera salida a la calle todav\u00eda con el frescor ma\u00f1anero de cada d\u00eda y el olorcillo caracter\u00edstico de la letra reci\u00e9n impresa en el olfato tiende a desaparecer. Podremos, eso s\u00ed, incluirlo en la bolsa de la compra diaria despu\u00e9s de adquirirlo en los m\u00faltiples puntos de venta mec\u00e1nica e impersonal instalados ad hoc en estaciones de tren, hospitales, supermercados y lugares de tr\u00e1nsito diario de la multitud para leerlo reposadamente en el bar de la esquina m\u00e1s cercana mientras degustamos el primer caf\u00e9 del d\u00eda, o bien sumergirnos en su lectura a la pata a la llana en el sof\u00e1 de casa momentos despu\u00e9s. Lugares de adquisici\u00f3n aqu\u00e9llos que han venido a sustituir los kioscos de toda la vida, los cuales han iniciado el camino para batirse en retirada despu\u00e9s de sobrevivir a\u00f1adiendo la venta de golosinas, juguetes y baratijas para los m\u00e1s peque\u00f1os. Corren nuevos tiempos y muchos de quienes se acercaban al kiosco cada ma\u00f1ana para adquirirlo apenas despu\u00e9s que hayan salido de la prensa optaron por buscarlo en Internet, esa herramienta automatizada pero fr\u00eda y distante que les acerca a los acontecimientos de toda \u00edndole de cada d\u00eda. Eso s\u00ed, es obligado permanecer sentado ante el ordenador prescindi\u00e9ndose de la comodidad del div\u00e1n, o mientras consumismo el primer caf\u00e9 ma\u00f1anero si lo hacemos en establecimiento de costumbre entre el vaho de quienes hacen lo propio a su alrededor, no siempre en silencio.<\/p>\n<p>Los familiares kioscos desaparecidos, seguramente para no volver jam\u00e1s, arrebataron con su ausencia a esquinas y plazuelas una estampa entra\u00f1able que muchos echamos de menos. MI vida, ya en franco declive, ha estado de una manera u otra vinculada a ese repertorio escrito e impreso de noticias, reportajes, opiniones y extenso contenido de un diario que ha venido poni\u00e9ndome al d\u00eda de cuanto suced\u00eda de interesante alrededor de m\u00ed y de mis cong\u00e9neres, en mi provincia, el pa\u00eds y allende fronteras.<\/p>\n<p>No faltan sombr\u00edos agoreros que predicen el fin de la letra impresa, el crep\u00fasculo indubitable del negro sobre blanco, ya sea en las p\u00e1ginas de un libro, ya en las de un peri\u00f3dico. En la mete\u00f3rica carrera de las tecnolog\u00edas de la comunicaci\u00f3n, el caballo desbocado de Internet nos depara cada d\u00eda avances impensables. La era digital ense\u00f1oreada de editoriales y redacciones trastoca por d\u00eda conceptos que se cre\u00edan firmes e inalterables.<\/p>\n<p>Hablar de letra impresa, libro impreso, peri\u00f3dico impreso era hasta ahora redundante por lo obvio. Ahora no, ahora se impone la distinci\u00f3n necesaria, inapelable. \u00bfLibro impreso o libro digital? \u00bfDiario impreso o diario digital? \u00bfDesplegar las p\u00e1ginas del rotativo preferido o irse a la p\u00e1gina escogida a golpes de obediente rat\u00f3n? \u00bfCaer\u00e1 la galaxia Gutenberg aplastada por la invasi\u00f3n desbordante de la era virtual? \u00bfTendremos que adiestrarnos en aprender de memoria la Divina Comedia o El Quijote como lo hicieron los protagonistas de <em>Fahrenheit 451<\/em> porque no habr\u00e1 otro medio de reproducirlos y que est\u00e9 m\u00e1s a la mano si no es por el fr\u00edo e impreciso impulso de un teclado?<\/p>\n<p>Siempre habr\u00e1 quien se resista al cambio, quien prefiera el regodeo de comprar un libro, eligiendo entre centenares de t\u00edtulos \u2013 hoje\u00e1ndolos todos, sopes\u00e1ndolos, calibrando la perfecci\u00f3n de la impresi\u00f3n o sus defectos de premura, sintiendo el tacto limpio o ajado de su cubierta si nos acercamos a una librer\u00eda de novedades o a otras de viejo, tan sugerente, tan sugestiva&#8230; -, aqu\u00e9l que responde a la apetencia del momento. Sentirlo bajo el brazo y empezar su lectura en el momento escogido, abandonarla y volver a ella, subrayar el p\u00e1rrafo que nos llam\u00f3 la atenci\u00f3n, se\u00f1alar la p\u00e1gina a la que ser\u00e1 precisa volver&#8230; No, no me privar\u00e1n de este placer, por mucho que se soplen los nuevos vientos.<\/p>\n<p>Tampoco de acercarme cada d\u00eda al kiosco a comprar el peri\u00f3dico y regocijarme como las cabeceras de disputan el espacio de exhibici\u00f3n, que cada vez es menor y comparar ofertas y promociones que cada vez son mayores. La pel\u00edcula, el fasc\u00edculo, la pieza de colecci\u00f3n, que hay que enganchar al lector, que dicen las estad\u00edsticas que no andan muy equiparados, tirando a la baja, con los que aparecen en las listas europeas.<\/p>\n<p>Paso ya, para mi pesar, de la edad septuagenaria, pero he tenido la suerte de que un peri\u00f3dico, SUR, cuando lo dirig\u00eda Sanz Cagiga(35 a\u00f1os dirigi\u00e9ndolo, desde 1947), llegase con la regularidad de lo inmarcesible a mi hogar. Y si no lleg\u00f3, lo busqu\u00e9 \u2013 en las bibliotecas, o en el bar de la esquina teniendo que soportar las miradas de inquina de quienes no pudieron adelantarse, cuando no era yo quien las emit\u00eda por el contratiempo de llegar tarde\u2013 , para leerlo en silencio o con el tel\u00f3n de fondo del humo de los churros y el sonido de las cucharillas impacientes del primer caf\u00e9 ma\u00f1anero.<\/p>\n<p>&nbsp;<\/p>\n<p>Foto Pepe Nevado<\/p>\n<p>&nbsp;<\/p>\n<p>&nbsp;<\/p>\n","protected":false},"excerpt":{"rendered":"<p>&nbsp; &nbsp; Kioscos en retirada Esa costumbre inveterada de acercarnos cada ma\u00f1ana al kiosco de la esquina m\u00e1s pr\u00f3xima para adquirir el peri\u00f3dico de nuestra predilecci\u00f3n, es notorio que lleva camino de pertenecer al pasado. Nuevos tiempos impelen distintos h\u00e1bitos. El gesto de adquirirlo en nuestra primera salida a la calle todav\u00eda con el frescor [&hellip;]<\/p>\n","protected":false},"author":27495,"featured_media":0,"comment_status":"open","ping_status":"closed","sticky":false,"template":"","format":"standard","meta":[],"categories":[3],"tags":[1119,645],"_links":{"self":[{"href":"https:\/\/blogs.diariosur.es\/avuelapluma\/wp-json\/wp\/v2\/posts\/3245"}],"collection":[{"href":"https:\/\/blogs.diariosur.es\/avuelapluma\/wp-json\/wp\/v2\/posts"}],"about":[{"href":"https:\/\/blogs.diariosur.es\/avuelapluma\/wp-json\/wp\/v2\/types\/post"}],"author":[{"embeddable":true,"href":"https:\/\/blogs.diariosur.es\/avuelapluma\/wp-json\/wp\/v2\/users\/27495"}],"replies":[{"embeddable":true,"href":"https:\/\/blogs.diariosur.es\/avuelapluma\/wp-json\/wp\/v2\/comments?post=3245"}],"version-history":[{"count":2,"href":"https:\/\/blogs.diariosur.es\/avuelapluma\/wp-json\/wp\/v2\/posts\/3245\/revisions"}],"predecessor-version":[{"id":3247,"href":"https:\/\/blogs.diariosur.es\/avuelapluma\/wp-json\/wp\/v2\/posts\/3245\/revisions\/3247"}],"wp:attachment":[{"href":"https:\/\/blogs.diariosur.es\/avuelapluma\/wp-json\/wp\/v2\/media?parent=3245"}],"wp:term":[{"taxonomy":"category","embeddable":true,"href":"https:\/\/blogs.diariosur.es\/avuelapluma\/wp-json\/wp\/v2\/categories?post=3245"},{"taxonomy":"post_tag","embeddable":true,"href":"https:\/\/blogs.diariosur.es\/avuelapluma\/wp-json\/wp\/v2\/tags?post=3245"}],"curies":[{"name":"wp","href":"https:\/\/api.w.org\/{rel}","templated":true}]}}