{"id":3248,"date":"2018-06-23T10:35:13","date_gmt":"2018-06-23T08:35:13","guid":{"rendered":"http:\/\/blogs.diariosur.es\/avuelapluma\/?p=3248"},"modified":"2018-06-23T10:35:13","modified_gmt":"2018-06-23T08:35:13","slug":"el-respeto-que-los-medicos-merecen","status":"publish","type":"post","link":"https:\/\/blogs.diariosur.es\/avuelapluma\/2018\/06\/23\/el-respeto-que-los-medicos-merecen\/","title":{"rendered":"El  respeto que  los m\u00e9dicos merecen"},"content":{"rendered":"<p>El\u00a0 respeto que \u00a0los m\u00e9dicos merecen<\/p>\n<p>No siempre concedemos a los m\u00e9dicos y al personal cl\u00ednico en\u00a0 general el respeto que merecen. No pocas veces obviamos las buenas maneras hacia estos profesionales que se ocupan de algo tan crucial como es atendernos cuando nuestro estado de salud se resquebraja procurando su imprescindible atenci\u00f3n para restituirla. Resulta del todo inadmisible que soslayemos comportamientos educados cuando asistimos a una consulta o nos mostremos despectivos con alguien que no pretende otra cosa que paliar los quebrantos corporales y ps\u00edquicos\u00a0 que a lo largo de la vida nos acechan recurriendo a su leal saber y entender para remediar la anomal\u00eda que en nuestro interior o visiblemente se opera.<\/p>\n<p>Nada m\u00e1s recomendable que para que esta actitud ante el personal cl\u00ednico se vigorice a lo largo del tiempo es\u00a0 infundir en los primeros estadios de la vida el aprecio y la estima que estos profesionales de la medicina se merecen.\u00a0 Atendiendo a esta premisa insoslayable un par de\u00a0 ayuntamientos de la Serran\u00eda de Ronda \u2013 los de Benaoj\u00e1n y Cortes de la Frontera \u2013 atendiendo a la Unidad de Gesti\u00f3n\u00a0 Cl\u00ednica que ambos hicieron suyas, est\u00e1n propiciando con buen criterio que alumnos de educaci\u00f3n infantil se acerquen de manera guiada a los Centros de Salud para conocer de primera mano los entresijos de estos dispensarios.<\/p>\n<p>Es posible que buena parte de este alumnado tenga en mente sus primeras visitas estos consultorios de la mano o en el regazo de sus padres para someterse al tratamiento de afecciones consustanciales con su corta edad. Ahora de lo que se trata es que sin el temor que siempre infunde un dispensario de esta \u00edndole en los menores, estos se acerquen distendidos y nada temerosos para conocer de primera mano instalaciones, consultas y personal sanitario con el objeto de concienciarlos con centros dispensadores de atenci\u00f3n \u00a0que a buen seguro habr\u00e1n de visitar m\u00e1s de una vez a lo largo de la vida. Y de paso reconocer la labor de quienes se ocupan de nuestra integridad f\u00edsica para que en contrapartida se sepa respetarlos y concederles el aprecio y estima que merecen por su inestimable labor.<\/p>\n<p>Con no escasa frecuencia saltan a los medios informativos afrentas verbales, o incluso agresiones, ocasionadas al personal sanitario por parte de alg\u00fan descerebrado no conforme con el proceder de algunos de sus miembros. Estos iracundos pacientes no se paran en mientes y no dudan en zaherir a quienes le atienden vaya usted a saber porqu\u00e9 razones. Estos motivos, entre otros, como los de mostrar a los menores el d\u00eda a d\u00eda de los profesionales de la salud, de manera y forma que no resulte un trauma para aqu\u00e9llos llegado el momento de procurar remedio para sus afecciones, son los que espera conseguir con esta Unidad de Gesti\u00f3n que han puesto en marcha dos pueblos de la Serran\u00eda\u00a0 en un proyecto que juzgamos de inter\u00e9s para el resto de la comarca, incluida la ciudad de Ronda.<\/p>\n<p>Los menores en edad escolar van a entender con este contacto prematuro una advertencia a modo de premisa que hoy por hoy se difunde en forma de cartulina y en la que puede leerse bajo la figura de un profesional de la medicina la leyenda \u201cResp\u00e9tame: soy tu m\u00e9dico, no me agradas, no me insultes\u201d. Para acabar con un \u00a0epitome\u00a0 claro y contundente: ES DELITO.<\/p>\n<p>&nbsp;<\/p>\n","protected":false},"excerpt":{"rendered":"<p>El\u00a0 respeto que \u00a0los m\u00e9dicos merecen No siempre concedemos a los m\u00e9dicos y al personal cl\u00ednico en\u00a0 general el respeto que merecen. No pocas veces obviamos las buenas maneras hacia estos profesionales que se ocupan de algo tan crucial como es atendernos cuando nuestro estado de salud se resquebraja procurando su imprescindible atenci\u00f3n para restituirla. [&hellip;]<\/p>\n","protected":false},"author":27495,"featured_media":0,"comment_status":"open","ping_status":"closed","sticky":false,"template":"","format":"standard","meta":[],"categories":[1],"tags":[],"_links":{"self":[{"href":"https:\/\/blogs.diariosur.es\/avuelapluma\/wp-json\/wp\/v2\/posts\/3248"}],"collection":[{"href":"https:\/\/blogs.diariosur.es\/avuelapluma\/wp-json\/wp\/v2\/posts"}],"about":[{"href":"https:\/\/blogs.diariosur.es\/avuelapluma\/wp-json\/wp\/v2\/types\/post"}],"author":[{"embeddable":true,"href":"https:\/\/blogs.diariosur.es\/avuelapluma\/wp-json\/wp\/v2\/users\/27495"}],"replies":[{"embeddable":true,"href":"https:\/\/blogs.diariosur.es\/avuelapluma\/wp-json\/wp\/v2\/comments?post=3248"}],"version-history":[{"count":1,"href":"https:\/\/blogs.diariosur.es\/avuelapluma\/wp-json\/wp\/v2\/posts\/3248\/revisions"}],"predecessor-version":[{"id":3250,"href":"https:\/\/blogs.diariosur.es\/avuelapluma\/wp-json\/wp\/v2\/posts\/3248\/revisions\/3250"}],"wp:attachment":[{"href":"https:\/\/blogs.diariosur.es\/avuelapluma\/wp-json\/wp\/v2\/media?parent=3248"}],"wp:term":[{"taxonomy":"category","embeddable":true,"href":"https:\/\/blogs.diariosur.es\/avuelapluma\/wp-json\/wp\/v2\/categories?post=3248"},{"taxonomy":"post_tag","embeddable":true,"href":"https:\/\/blogs.diariosur.es\/avuelapluma\/wp-json\/wp\/v2\/tags?post=3248"}],"curies":[{"name":"wp","href":"https:\/\/api.w.org\/{rel}","templated":true}]}}