{"id":3252,"date":"2018-06-26T11:17:42","date_gmt":"2018-06-26T09:17:42","guid":{"rendered":"http:\/\/blogs.diariosur.es\/avuelapluma\/?p=3252"},"modified":"2018-06-26T11:21:40","modified_gmt":"2018-06-26T09:21:40","slug":"las-mejoras-de-las-pensiones-en-el-alero","status":"publish","type":"post","link":"https:\/\/blogs.diariosur.es\/avuelapluma\/2018\/06\/26\/las-mejoras-de-las-pensiones-en-el-alero\/","title":{"rendered":"Las mejoras de las pensiones en el alero"},"content":{"rendered":"<p>Las mejoras de las pensiones en el alero<\/p>\n<p>JOSE BECERRA<\/p>\n<p>El nov\u00edsimo Gobierno se preocupa, como tiene que ser, por la recuperaci\u00f3n y estabilizaci\u00f3n del sistema de la Seguridad Social; algo que parece problem\u00e1tico en lo que toca a conceder \u00a0las mejoras que desde el colectivo de mayores se exigen para las pensiones, sobre todo para las de menor calado econ\u00f3mico. Temen desde las instancias del poder hoy asentado (no se sabe si para mucho o corto plazo) que esta medida afecte al cumplimiento de d\u00e9ficit de los presupuestos del Estado, algo que desde Bruselas se exige para que estos no se desborden sin contenci\u00f3n aparente. \u00bfTeme el Gobierno de nuevo cu\u00f1o que el aumento de las pensiones exija cortapisas a los Presupuestos del Estado lo suficientemente amplias como para desvirtuar los objetivos de d\u00e9ficit? O lo que lo mismo, \u00bfque alteren el compromiso con Bruselas de embridarlos? Tarea ardua, \u00a1vive Dios!, \u00a0porque la idea de elevar el calado de los impuestos o flagelar a los bancos con nuevos tributos para servir este fin, por mucho que esta decisi\u00f3n sea mucho que desear, no parece que se implante, al menos en tiempos pr\u00f3ximos.<\/p>\n<p>Sabemos que las pensiones, y con m\u00e1s raz\u00f3n, las que ahora se doblan en su importe cuando el a\u00f1o alcanza \u00a0su primera mitad, ha sido para satisfacerlas \u00a0recurrir al endeudamiento con el Tesoro P\u00fablico para hacerles frente; medida \u00e9sta m\u00e1s que necesaria y urgente dado que los \u00e1nimos de los pensionistas, en cuyas filas milito, se encuentran m\u00e1s que encrespados exigiendo unas mejoras a tono con la subida\u00a0 implacable del IPC, como saben, un \u00edndice econ\u00f3mico que juzga los precios de bienes y servicios que se conocen como \u201ccesta familiar\u201d, esa que cada ama de casa pretende llenar entera o en parte a juzgar del momento que se viva y la variaci\u00f3n del precio de los art\u00edculos seg\u00fan en el momento de la compra actual y la que se hizo anteriormente.<\/p>\n<p>Consecuencias perentorias y evidentes: la Seguridad Social engorda su deuda a ojos vista y la controversia en el llamado Pacto de Toledo ni avanza ni retrocede en sus decisiones, algo que no tiene por menos que agobiarnos a quienes\u00a0 no con dificultades manifiestas llegamos a fin de mes. Malos tiempos se presagian para los pensionistas, si es que los gobernantes de turno no se atan bien los machos para transitar con paso firme por tan arduo problema que no ceja en su martilleo en el sentir\u00a0 de quienes menos tienen. Su suerte en un alero.<\/p>\n","protected":false},"excerpt":{"rendered":"<p>Las mejoras de las pensiones en el alero JOSE BECERRA El nov\u00edsimo Gobierno se preocupa, como tiene que ser, por la recuperaci\u00f3n y estabilizaci\u00f3n del sistema de la Seguridad Social; algo que parece problem\u00e1tico en lo que toca a conceder \u00a0las mejoras que desde el colectivo de mayores se exigen para las pensiones, sobre todo [&hellip;]<\/p>\n","protected":false},"author":27495,"featured_media":0,"comment_status":"open","ping_status":"closed","sticky":false,"template":"","format":"standard","meta":[],"categories":[3,18],"tags":[797,863],"_links":{"self":[{"href":"https:\/\/blogs.diariosur.es\/avuelapluma\/wp-json\/wp\/v2\/posts\/3252"}],"collection":[{"href":"https:\/\/blogs.diariosur.es\/avuelapluma\/wp-json\/wp\/v2\/posts"}],"about":[{"href":"https:\/\/blogs.diariosur.es\/avuelapluma\/wp-json\/wp\/v2\/types\/post"}],"author":[{"embeddable":true,"href":"https:\/\/blogs.diariosur.es\/avuelapluma\/wp-json\/wp\/v2\/users\/27495"}],"replies":[{"embeddable":true,"href":"https:\/\/blogs.diariosur.es\/avuelapluma\/wp-json\/wp\/v2\/comments?post=3252"}],"version-history":[{"count":1,"href":"https:\/\/blogs.diariosur.es\/avuelapluma\/wp-json\/wp\/v2\/posts\/3252\/revisions"}],"predecessor-version":[{"id":3253,"href":"https:\/\/blogs.diariosur.es\/avuelapluma\/wp-json\/wp\/v2\/posts\/3252\/revisions\/3253"}],"wp:attachment":[{"href":"https:\/\/blogs.diariosur.es\/avuelapluma\/wp-json\/wp\/v2\/media?parent=3252"}],"wp:term":[{"taxonomy":"category","embeddable":true,"href":"https:\/\/blogs.diariosur.es\/avuelapluma\/wp-json\/wp\/v2\/categories?post=3252"},{"taxonomy":"post_tag","embeddable":true,"href":"https:\/\/blogs.diariosur.es\/avuelapluma\/wp-json\/wp\/v2\/tags?post=3252"}],"curies":[{"name":"wp","href":"https:\/\/api.w.org\/{rel}","templated":true}]}}