{"id":3255,"date":"2018-06-28T10:14:39","date_gmt":"2018-06-28T08:14:39","guid":{"rendered":"http:\/\/blogs.diariosur.es\/avuelapluma\/?p=3255"},"modified":"2018-06-28T10:21:42","modified_gmt":"2018-06-28T08:21:42","slug":"la-ambiguedad-de-sanchez","status":"publish","type":"post","link":"https:\/\/blogs.diariosur.es\/avuelapluma\/2018\/06\/28\/la-ambiguedad-de-sanchez\/","title":{"rendered":"La ambig\u00fcedad de  S\u00e1nchez"},"content":{"rendered":"<p>&nbsp;<\/p>\n<p><img src=\"\/\/static3.diariosur.es\/www\/multimedia\/201804\/01\/media\/cortadas\/pedro-sanchez-kpwC-U501476627324NMD-624x385@RC.jpg\" alt=\"Resultado de imagen de fotos de pedro sanchez, diariosur\" \/><\/p>\n<p>La ambig\u00fcedad de\u00a0\u00a0S\u00e1nchez\u00a0 \u00a0 Foto: Diario SUR<\/p>\n<p>JOS\u00c9 BECERRA<\/p>\n<p>Nada que objetar a la llegada de Pedro S\u00e1nchez a la m\u00e1s alta magistratura del Estado: lo hizo en buena lid y, por recurrir a un s\u00edmil taurino, como \u201cmandan los c\u00e1nones\u201d. Otra cosa es que, una vez instalado en \u00e9l, no asalten al ciudadano de a pie una serie de interrogantes sobre sus primeras actuaciones como presidente del Gobierno, o de las artima\u00f1as que se vio obligado a echar mano para lograrlo. Buenas intenciones no le faltaron y as\u00ed lo explicit\u00f3 una y mil veces antes, durante, y despu\u00e9s de la moci\u00f3n de censura que le vali\u00f3 el destierro del por \u00e9l y sus huestes denostado partido de Rajoy. Que hubo complicidad con fuerzas pol\u00edticas que lo auparon al poder parece hoy por hoy una realidad incuestionable. Auspiciado por ellas, ahora se ve en la necesidad de tenderles la mano en c\u00f3mplice\u00a0\u00a0reciprocidad. Es lo que se puede pensar, sin ir muy descaminado, ante las prisas del nov\u00edsimo mandatario, tales sus apremios\u00a0\u00a0por decretar medidas que afectan a los presos de ETA en cuanto al acercamiento en prisiones vascas, y las que tocan al\u00a0<i>proc\u00e9s<\/i>\u00a0catal\u00e1n y a la estancia de sus valedores m\u00e1s conspicuos en prisi\u00f3n. Estas decisiones no parecen resultar halag\u00fce\u00f1as para la Espa\u00f1a del m\u00e1s inmediato futuro. Puede que se resquebraje la consistencia y\u00a0\u00a0concordia reinante. Es de temer que as\u00ed ocurre al entrar en\u00a0\u00a0juego populismos, pro etarras e independentistas reclamando el favor concedido (\u201cdo ut des\u201d) al advenimiento de los socialistas al poder\u00a0\u00a0por su mediaci\u00f3n. Si S\u00e1nchez tiende su mano en demas\u00eda a los elementos discordantes mucho es de temer que lo pague en pr\u00f3ximos enfrentamientos electorales, esos que son de prever no tardar\u00e1n mucho en producirse cuando se evidencie con rotundidad\u00a0\u00a0que el presidente hace comiso a sus requisitorias y acuerdos presumiblemente establecidos, como todo hace pensar que as\u00ed ha ocurrido. Nubes que presagian tormentas nos sobrevuelan. Arrestos y perseverancias asisten a S\u00e1nchez, pero cabe preguntarse si en su arribada a la presidencia no han entrado en juego apoyos de quienes de una manera u otra amenazan con socavar los cimientos del Estado asentados sobre la unidad y el mantenimiento de las directrices que hasta ahora han sido firmes e\u00a0\u00a0irrevocables en su estructura. La ambig\u00fcedad de S\u00e1nchez propicia cientos de interrogantes. No es la menor, su decisi\u00f3n de contentar a nacionalistas e independentistas, claramente emparentada con el populismo, lo que puede provocar, si es que no lo hace ya, que las minor\u00edas impongan su voluntad a las mayor\u00edas, que pueden acabar soterradas\u00a0\u00a0sin remisi\u00f3n.<\/p>\n<p>FOTO. DIARIO SUR<\/p>\n","protected":false},"excerpt":{"rendered":"<p>&nbsp; La ambig\u00fcedad de\u00a0\u00a0S\u00e1nchez\u00a0 \u00a0 Foto: Diario SUR JOS\u00c9 BECERRA Nada que objetar a la llegada de Pedro S\u00e1nchez a la m\u00e1s alta magistratura del Estado: lo hizo en buena lid y, por recurrir a un s\u00edmil taurino, como \u201cmandan los c\u00e1nones\u201d. Otra cosa es que, una vez instalado en \u00e9l, no asalten al ciudadano [&hellip;]<\/p>\n","protected":false},"author":27495,"featured_media":0,"comment_status":"open","ping_status":"closed","sticky":false,"template":"","format":"standard","meta":[],"categories":[3,18],"tags":[1120,846,935],"_links":{"self":[{"href":"https:\/\/blogs.diariosur.es\/avuelapluma\/wp-json\/wp\/v2\/posts\/3255"}],"collection":[{"href":"https:\/\/blogs.diariosur.es\/avuelapluma\/wp-json\/wp\/v2\/posts"}],"about":[{"href":"https:\/\/blogs.diariosur.es\/avuelapluma\/wp-json\/wp\/v2\/types\/post"}],"author":[{"embeddable":true,"href":"https:\/\/blogs.diariosur.es\/avuelapluma\/wp-json\/wp\/v2\/users\/27495"}],"replies":[{"embeddable":true,"href":"https:\/\/blogs.diariosur.es\/avuelapluma\/wp-json\/wp\/v2\/comments?post=3255"}],"version-history":[{"count":3,"href":"https:\/\/blogs.diariosur.es\/avuelapluma\/wp-json\/wp\/v2\/posts\/3255\/revisions"}],"predecessor-version":[{"id":3259,"href":"https:\/\/blogs.diariosur.es\/avuelapluma\/wp-json\/wp\/v2\/posts\/3255\/revisions\/3259"}],"wp:attachment":[{"href":"https:\/\/blogs.diariosur.es\/avuelapluma\/wp-json\/wp\/v2\/media?parent=3255"}],"wp:term":[{"taxonomy":"category","embeddable":true,"href":"https:\/\/blogs.diariosur.es\/avuelapluma\/wp-json\/wp\/v2\/categories?post=3255"},{"taxonomy":"post_tag","embeddable":true,"href":"https:\/\/blogs.diariosur.es\/avuelapluma\/wp-json\/wp\/v2\/tags?post=3255"}],"curies":[{"name":"wp","href":"https:\/\/api.w.org\/{rel}","templated":true}]}}