{"id":3261,"date":"2018-06-29T14:35:14","date_gmt":"2018-06-29T12:35:14","guid":{"rendered":"http:\/\/blogs.diariosur.es\/avuelapluma\/?p=3261"},"modified":"2018-06-29T14:39:37","modified_gmt":"2018-06-29T12:39:37","slug":"reves-para-una-ansiada-linea-ferroviaria","status":"publish","type":"post","link":"https:\/\/blogs.diariosur.es\/avuelapluma\/2018\/06\/29\/reves-para-una-ansiada-linea-ferroviaria\/","title":{"rendered":"Rev\u00e9s para una ansiada l\u00ednea ferroviaria"},"content":{"rendered":"<p class=\"x_mce\"><img src=\"\/\/www.diariosur.es\/prensa\/noticias\/201111\/06\/fotos\/10531693.jpg\" alt=\"Una larga lista de compromisos\" \/>\u00a0Archivo SUR<\/p>\n<p class=\"x_mce\">\n<p class=\"x_mce\">Rev\u00e9s para una ansiada l\u00ednea ferroviaria<\/p>\n<p class=\"x_mce\">JOS\u00c9 BECERRA<\/p>\n<p class=\"x_MsoNormal\">Se ven\u00eda afirmando por sirios y troyanos que el eje ferroviario Bobadilla-Algeciras, o al contrario que tanto monta, ser\u00eda una realidad m\u00e1s temprano que tarde. El Gobierno, bajo los auspicios de Rajoy, lo consideraba como \u201cprioridad econ\u00f3mica absoluta\u201d, afirmando que los Presupuestos Generales atender\u00edan esta demanda con premura por muy restringidos que fuesen. Nuestro gozo en\u00a0\u00a0un pozo. No parece que la renovaci\u00f3n\u00a0de esta l\u00ednea que nadie pone en duda vaya a tomar cuerpo en los pr\u00f3ximos a\u00f1os, o si lo hace avance a paso de tortuga. Unos y otros partidos se tiran los tiestos de esta cuesti\u00f3n\u00a0\u00a0a la cabeza, la cual\u00a0\u00a0permanece enquistada sin que vislumbre pronta soluci\u00f3n. M\u00e1s all\u00e1 de que quienes\u00a0\u00a0ostentaban el poder en Espa\u00f1a antes y los que presumen de ello ahora, culminado el resultado de la moci\u00f3n de censura ganada por el PSOE, hayan manifestado\u00a0la necesidad de potenciar este enclave de conexi\u00f3n; es m\u00e1s, lo soslayan, haciendo caso omiso las exigencias de la Uni\u00f3n Europea que determin\u00f3, tras revisar el desarrollo de la Red Europea de Transporte, la soluci\u00f3n del problema antes del a\u00f1o 2020. Largo me lo fiais, parecen decir los pol\u00edticos de uno u otro signo que se inculpan unos a otros, y \u201cla casa sin barrer\u201d que decimos por los lares malague\u00f1os, ya que no se atisba que nadie quiera mover un dedo para hacer frente a tan inaplazable cuesti\u00f3n que afecta de lleno el desarrollo econ\u00f3mico del Campo de Gibraltar, y de rechazo, al de\u00a0\u00a0Andaluc\u00eda. Desde el Partido Popular se pone de manifiesto con voz en grito que entre PSOE y Podemos se hayan confabulado para no dejar rastro en los Presupuestos Generales de los 350 millones destinados \u201ca agilizar y acelerar la finalizaci\u00f3n del tramo ferroviario entre Bobadilla y Algeciras antes de 2021\u201d, cuando, si las hemerotecas no nos enga\u00f1an,\u00a0\u00a0eran los socialistas quienes reclamaban aumentar las partidas econ\u00f3micas para esta cuesti\u00f3n, en fechas en las que\u00a0\u00a0ni so\u00f1ar podr\u00edan llegar a regir los destinos del pa\u00eds en 2018. Lo que nos hace pensar que quienes ahora lo lograron hacen caso omiso a la pretensi\u00f3n, borr\u00e1ndolo de los Presupuestos, no sabe uno bien con qu\u00e9 intenciones. \u00bfHabr\u00eda que incidir en la cuesti\u00f3n\u00a0\u00a0de que esta l\u00ednea f\u00e9rrea de alrededor de 180 kil\u00f3metros resulta esencial para enlazar Algeciras con el resto de Europa? \u00bfSon conscientes qui\u00e9nes ponen palos a las ruedas del progreso (nunca mejor empleada la met\u00e1fora) de la zona gaditana, malague\u00f1a, y por ende, andaluza, obviando este eje, obran en detrimento de su desarrollo y progreso en las pr\u00f3ximas d\u00e9cadas?<\/p>\n","protected":false},"excerpt":{"rendered":"<p>\u00a0Archivo SUR Rev\u00e9s para una ansiada l\u00ednea ferroviaria JOS\u00c9 BECERRA Se ven\u00eda afirmando por sirios y troyanos que el eje ferroviario Bobadilla-Algeciras, o al contrario que tanto monta, ser\u00eda una realidad m\u00e1s temprano que tarde. El Gobierno, bajo los auspicios de Rajoy, lo consideraba como \u201cprioridad econ\u00f3mica absoluta\u201d, afirmando que los Presupuestos Generales atender\u00edan esta [&hellip;]<\/p>\n","protected":false},"author":27495,"featured_media":0,"comment_status":"open","ping_status":"closed","sticky":false,"template":"","format":"standard","meta":[],"categories":[1],"tags":[],"_links":{"self":[{"href":"https:\/\/blogs.diariosur.es\/avuelapluma\/wp-json\/wp\/v2\/posts\/3261"}],"collection":[{"href":"https:\/\/blogs.diariosur.es\/avuelapluma\/wp-json\/wp\/v2\/posts"}],"about":[{"href":"https:\/\/blogs.diariosur.es\/avuelapluma\/wp-json\/wp\/v2\/types\/post"}],"author":[{"embeddable":true,"href":"https:\/\/blogs.diariosur.es\/avuelapluma\/wp-json\/wp\/v2\/users\/27495"}],"replies":[{"embeddable":true,"href":"https:\/\/blogs.diariosur.es\/avuelapluma\/wp-json\/wp\/v2\/comments?post=3261"}],"version-history":[{"count":2,"href":"https:\/\/blogs.diariosur.es\/avuelapluma\/wp-json\/wp\/v2\/posts\/3261\/revisions"}],"predecessor-version":[{"id":3263,"href":"https:\/\/blogs.diariosur.es\/avuelapluma\/wp-json\/wp\/v2\/posts\/3261\/revisions\/3263"}],"wp:attachment":[{"href":"https:\/\/blogs.diariosur.es\/avuelapluma\/wp-json\/wp\/v2\/media?parent=3261"}],"wp:term":[{"taxonomy":"category","embeddable":true,"href":"https:\/\/blogs.diariosur.es\/avuelapluma\/wp-json\/wp\/v2\/categories?post=3261"},{"taxonomy":"post_tag","embeddable":true,"href":"https:\/\/blogs.diariosur.es\/avuelapluma\/wp-json\/wp\/v2\/tags?post=3261"}],"curies":[{"name":"wp","href":"https:\/\/api.w.org\/{rel}","templated":true}]}}