{"id":3272,"date":"2018-07-08T11:10:09","date_gmt":"2018-07-08T09:10:09","guid":{"rendered":"http:\/\/blogs.diariosur.es\/avuelapluma\/?p=3272"},"modified":"2018-07-08T11:10:09","modified_gmt":"2018-07-08T09:10:09","slug":"gano-santamaria-pero","status":"publish","type":"post","link":"https:\/\/blogs.diariosur.es\/avuelapluma\/2018\/07\/08\/gano-santamaria-pero\/","title":{"rendered":"Gan\u00f3 Santamar\u00eda, pero\u2026"},"content":{"rendered":"<p>Gan\u00f3 Santamar\u00eda, pero\u2026<\/p>\n<p>JOS\u00c9 BECERRA<\/p>\n<p>Habida cuenta que en unas elecciones primarias, y est\u00e1 que acaban de celebrar en el Partido Popular\u00a0 no iba a ser una excepci\u00f3n, la pauta a seguir no difieren mucho en los distintos partidos: todos siguen la misma\u00a0 y los programas brillan por su ausencia. Lo que se vota radica en la personalidad del candidato, su talante, la confianza que merece el aspirante, su experiencia y edad. Esta \u00faltima condici\u00f3n, aparte de la de su\u00a0 imagen, es la que parece haber dado a Pablo Casado quedar en segunda posici\u00f3n, por lo menos en\u00a0 la primera vuelta, ya que tendr\u00e1 que medir su fuerza en la segunda y m\u00e1s crucial, con alguien que merced a t\u00edtulos, experiencias y cercan\u00eda con Rajoy, caso de S\u00e1enz de Santamar\u00eda, ha resultado \u00a0ganadora de la confrontaci\u00f3n, tras obtener m\u00e1s de 1500 votos de los compromisarios a su favor. Desbancando a su rival m\u00e1s\u00a0 directo, a pesar de que en los primeros momentos del recuento la aventajaba con notable diferencia, Casado se presta a dar la cara y la batalla.<\/p>\n<p>En contra de lo que pudiera parecer nada hay decidido de momento: se aprestan los dos elegidos a una dura ofensiva para conquistar al resto de los candidatos derrotados y que se le sumen en la tesitura creada \u00a0a una u otra opci\u00f3n. La segunda vuelta est\u00e1 al doblar la esquina y de lo que ahora se trata es de que los dos elegidos de momento sepan y puedan arrimar el ascua a su sardina entre los 3.000 compromisarios, entre los que descuellan los 500 en los que recae la representaci\u00f3n directa por parte de \u201cthe party apparatus\u201d, que dicen los anglosajones.<\/p>\n<p>\u00bfPor qui\u00e9n se decantar\u00e1n los perdedores de la primera consulta? Todo parece indicar que lo har\u00e1n a favor de Casado, sobre todo los compromisarios que otorgaron su voto a Cospedal, cuyas relaciones con la vicepresidenta de Rajoy ven\u00edan mostr\u00e1ndose m\u00e1s que manifiestas, y que\u00a0 logr\u00f3 en su favor m\u00e1s de 15.000 votos, pese a ser la gran perdedora del c\u00f3nclave pol\u00edtico.<\/p>\n<p>Quienes imparcialmente seguimos el plebiscito no tenemos por menos que admitir que Pablo Casado aportar\u00eda nuevos y salut\u00edferos aires al PP, \u00faltimamente tocado del ala por motivos archisabidos de corruptelas, que ven\u00edan obrando decididamente en su desgaste. Casado representa sangre nueva y revitalizadora de una formaci\u00f3n pol\u00edtica que ven\u00eda dando claras muestras de abatimiento y de p\u00e9rdida creciente del esplendor logrado\u00a0 tiempos atr\u00e1s. Un rival meritorio y correoso para enfrentarse contra Pedro S\u00e1nchez y las huestes de Albert Rivera, en un pugilato para ocupar el centro pol\u00edtico hoy en dudosa vigencia y que adolece de otras figuras pol\u00edticas garantes de su continuidad en el espacio pol\u00edtico de aqu\u00ed y ahora.<\/p>\n<p>Se alz\u00f3 victoriosa Santamar\u00eda en el primer asalto pero se alzan voces que apuestan por Casado, algo que parece indudable que ocurrir\u00e1 m\u00e1s temprano que tarde. Al tiempo\u2026<\/p>\n<p>&nbsp;<\/p>\n<p>&nbsp;<\/p>\n<p>Y lo que ser\u00eda lo mejor para el PP porque<\/p>\n","protected":false},"excerpt":{"rendered":"<p>Gan\u00f3 Santamar\u00eda, pero\u2026 JOS\u00c9 BECERRA Habida cuenta que en unas elecciones primarias, y est\u00e1 que acaban de celebrar en el Partido Popular\u00a0 no iba a ser una excepci\u00f3n, la pauta a seguir no difieren mucho en los distintos partidos: todos siguen la misma\u00a0 y los programas brillan por su ausencia. Lo que se vota radica [&hellip;]<\/p>\n","protected":false},"author":27495,"featured_media":0,"comment_status":"open","ping_status":"closed","sticky":false,"template":"","format":"standard","meta":[],"categories":[3,18],"tags":[839,1123],"_links":{"self":[{"href":"https:\/\/blogs.diariosur.es\/avuelapluma\/wp-json\/wp\/v2\/posts\/3272"}],"collection":[{"href":"https:\/\/blogs.diariosur.es\/avuelapluma\/wp-json\/wp\/v2\/posts"}],"about":[{"href":"https:\/\/blogs.diariosur.es\/avuelapluma\/wp-json\/wp\/v2\/types\/post"}],"author":[{"embeddable":true,"href":"https:\/\/blogs.diariosur.es\/avuelapluma\/wp-json\/wp\/v2\/users\/27495"}],"replies":[{"embeddable":true,"href":"https:\/\/blogs.diariosur.es\/avuelapluma\/wp-json\/wp\/v2\/comments?post=3272"}],"version-history":[{"count":1,"href":"https:\/\/blogs.diariosur.es\/avuelapluma\/wp-json\/wp\/v2\/posts\/3272\/revisions"}],"predecessor-version":[{"id":3273,"href":"https:\/\/blogs.diariosur.es\/avuelapluma\/wp-json\/wp\/v2\/posts\/3272\/revisions\/3273"}],"wp:attachment":[{"href":"https:\/\/blogs.diariosur.es\/avuelapluma\/wp-json\/wp\/v2\/media?parent=3272"}],"wp:term":[{"taxonomy":"category","embeddable":true,"href":"https:\/\/blogs.diariosur.es\/avuelapluma\/wp-json\/wp\/v2\/categories?post=3272"},{"taxonomy":"post_tag","embeddable":true,"href":"https:\/\/blogs.diariosur.es\/avuelapluma\/wp-json\/wp\/v2\/tags?post=3272"}],"curies":[{"name":"wp","href":"https:\/\/api.w.org\/{rel}","templated":true}]}}