{"id":3276,"date":"2018-07-15T12:18:16","date_gmt":"2018-07-15T10:18:16","guid":{"rendered":"http:\/\/blogs.diariosur.es\/avuelapluma\/?p=3276"},"modified":"2018-07-15T12:19:00","modified_gmt":"2018-07-15T10:19:00","slug":"loables-deseos","status":"publish","type":"post","link":"https:\/\/blogs.diariosur.es\/avuelapluma\/2018\/07\/15\/loables-deseos\/","title":{"rendered":"Loables deseos"},"content":{"rendered":"<p><span style=\"font-family: 'Arial Black', sans-serif;\">Loables deseos<\/span><\/p>\n<p>\u00bfTiene los d\u00edas contados el copago farmac\u00e9utico que ha venido castigando a nuestros mayores y trat\u00e1ndolo como d\u00edscolos usuario de la Seguridad Social? A juzgar por las declaraciones recientes de la ministra de Sanidad, Consumo y Bienestar Social, Carmen Mont\u00f3n, se puede pensar que est\u00e1 ya al doblar la esquina. Hay que admitir que la reforma sanitaria de 2012\u00a0\u00a0nos coloc\u00f3 a los pensionistas, entre los que me cuento, con escasa por no decir mis\u00e9rrimos emolumentos, en la tesitura\u00a0\u00a0de satisfacer una parte del total del medicamento adquirido o eliminarlo con el consiguiente quebranto para la salud ya deteriorada por mor del paso y el peso implacable de los a\u00f1os. Con pensiones m\u00ednimas, tener que afrontar este gasto del que se estaba dispensado supuso un h\u00e1ndicap para pensiones exiguas que apenas llegaban para culminar el mes a trancas y barrancas. La ministra acaba de anunciar \u201cla voluntad\u00a0\u00a0de recuperar todos y cada uno de los derechos arrebatados\u201d, impuestos por parte de un PP que ya es historia, por lo menos rigiendo los destinos de los espa\u00f1oles. \u201cSu boca sea me\u00eda (medida)\u201d, que dice el vocabulario cal\u00e9 de alguien que intenta con\u00a0\u00a0buenas intenciones poner remedio a sus males enquistados y los lanza\u00a0\u00a0sin cortapisas a quien quiera o\u00edrlos. Afirma la ministra que no se trata de una eliminaci\u00f3n del copago desde ya, sino que habr\u00e1 que esperar alg\u00fan tiempo, aunque deja por sentado que esta mejora en las econom\u00edas m\u00e1s depauperadas como son las de los pensionistas se efectuar\u00e1 m\u00e1s temprano que tarde. Respiramos aliviados. Por esta cuesti\u00f3n candente y por sus intenciones de no dejar a nadie atr\u00e1s en la asistencia sanitaria \u201cde manera integral\u201d como un postulado a cumplir en\u00a0\u00a0Espa\u00f1a m\u00e1s temprano que tarde. Hay razones para pensar que\u00a0\u00a0entra con buen pie el nov\u00edsimo Gobierno, por lo menes en cuestiones que m\u00e1s preocupaciones entra\u00f1an en quienes cuenta con recursos poco menos que de menesterosos.<\/p>\n","protected":false},"excerpt":{"rendered":"<p>Loables deseos \u00bfTiene los d\u00edas contados el copago farmac\u00e9utico que ha venido castigando a nuestros mayores y trat\u00e1ndolo como d\u00edscolos usuario de la Seguridad Social? A juzgar por las declaraciones recientes de la ministra de Sanidad, Consumo y Bienestar Social, Carmen Mont\u00f3n, se puede pensar que est\u00e1 ya al doblar la esquina. Hay que admitir [&hellip;]<\/p>\n","protected":false},"author":27495,"featured_media":0,"comment_status":"open","ping_status":"closed","sticky":false,"template":"","format":"standard","meta":[],"categories":[3,5],"tags":[797],"_links":{"self":[{"href":"https:\/\/blogs.diariosur.es\/avuelapluma\/wp-json\/wp\/v2\/posts\/3276"}],"collection":[{"href":"https:\/\/blogs.diariosur.es\/avuelapluma\/wp-json\/wp\/v2\/posts"}],"about":[{"href":"https:\/\/blogs.diariosur.es\/avuelapluma\/wp-json\/wp\/v2\/types\/post"}],"author":[{"embeddable":true,"href":"https:\/\/blogs.diariosur.es\/avuelapluma\/wp-json\/wp\/v2\/users\/27495"}],"replies":[{"embeddable":true,"href":"https:\/\/blogs.diariosur.es\/avuelapluma\/wp-json\/wp\/v2\/comments?post=3276"}],"version-history":[{"count":1,"href":"https:\/\/blogs.diariosur.es\/avuelapluma\/wp-json\/wp\/v2\/posts\/3276\/revisions"}],"predecessor-version":[{"id":3277,"href":"https:\/\/blogs.diariosur.es\/avuelapluma\/wp-json\/wp\/v2\/posts\/3276\/revisions\/3277"}],"wp:attachment":[{"href":"https:\/\/blogs.diariosur.es\/avuelapluma\/wp-json\/wp\/v2\/media?parent=3276"}],"wp:term":[{"taxonomy":"category","embeddable":true,"href":"https:\/\/blogs.diariosur.es\/avuelapluma\/wp-json\/wp\/v2\/categories?post=3276"},{"taxonomy":"post_tag","embeddable":true,"href":"https:\/\/blogs.diariosur.es\/avuelapluma\/wp-json\/wp\/v2\/tags?post=3276"}],"curies":[{"name":"wp","href":"https:\/\/api.w.org\/{rel}","templated":true}]}}