{"id":3311,"date":"2018-08-06T11:23:41","date_gmt":"2018-08-06T09:23:41","guid":{"rendered":"http:\/\/blogs.diariosur.es\/avuelapluma\/?p=3311"},"modified":"2018-08-06T11:24:19","modified_gmt":"2018-08-06T09:24:19","slug":"3311","status":"publish","type":"post","link":"https:\/\/blogs.diariosur.es\/avuelapluma\/2018\/08\/06\/3311\/","title":{"rendered":"Cueva del Gato: un  prodigio con justas y restrictivas medidas"},"content":{"rendered":"<p>&nbsp;<\/p>\n<p>Cueva del Gato: un\u00a0 prodigio con justas y restrictivas medidas<\/p>\n<p>El prodigio natural que conforma la Cueva del Gato, junto con las aguas desatadas que de su interior manan merced al r\u00edo Gaudares (o Campobuche para los amigos), caudal que desciende desde la circunscripci\u00f3n del vecino pueblo de Montejaque, municipio con el que Benaoj\u00e1n comparte historia, tradiciones y costumbres ancestrales y que lo atraviesa de parte a parte, merec\u00eda que se extremaran las medidas para preservarlo. Cuidado que se exige ahora particular y expresamente, cuando se intensifica la afluencia de visitantes a tan paradigm\u00e1tico lugar.<\/p>\n<p>Las visitas aumentan en grado potencial, que son muchos los atractivos que la espelunca y sus alrededores ofrecen en \u00e9pocas veraniegas. Razonable parece que, por estas circunstancias, el Ayuntamiento de Benaoj\u00e1n, el serrano y chacinero pueblo en cuya circunscripci\u00f3n geogr\u00e1fica figura la gruta y su paradis\u00edaco entorno, \u00a0a instancias de su alcaldesa, Soraya Garc\u00eda, haya decido cobrar un m\u00f3dico \u00a0canon a quienes, buscando la frescura y placidez del lugar en d\u00edas en los que las calores aprietan de manera\u00a0 inmisericorde, optan por el disfrute de una\u00a0 pl\u00e1cida jornada de asueto en tan singular escenario natural. El lugar lo merece en cuanto como por ensalmo se mitigan los ardores del\u00a0 verano y el sequeral de la naturaleza circundante.<\/p>\n<p>Las ventajas que gozan quienes deciden disfrutar de momentos sumidos en plena Naturaleza (con may\u00fascula), y adem\u00e1s gozar de un lugar en \u00f3ptimas condiciones de estancia, merced al cuidado de vigilantes que <em>ex profeso<\/em> cuidan del paraje y vigilan para que nada enturbie el d\u00eda de asueto \u2013seguridad y atenci\u00f3n sanitaria incluidas, en caso de accidente fortuito \u2013 merecen el exiguo coste que se exige. Cuanto m\u00e1s que las cantidades obtenidas no engrosan las arcas del Ayuntamiento m\u00e1s all\u00e1 del importe del estipendio que se otorga a quienes prestan\u00a0 el servicio ofrecido a los visitantes, seg\u00fan se desprende de las manifestaciones del Consistorio, y se deduce de las declaraciones \u00a0que al respecto acaba de hacer la alcaldesa benaojana.<\/p>\n<p>Obligado es rese\u00f1ar que la Cueva del Gato se encuentra catalogada como Bien de Inter\u00e9s Cultural (BIC) y que es un enclave capital dentro de los que se agrupan en el Parque Natural de la Sierra de Grazalema, territorio prolijo en vestigios hist\u00f3ricos de todos los tiempos, tantos los debido a la mano del hombre\u00a0 como al ecosistema reinante que lo engloba.<\/p>\n<p>La gruta en cuesti\u00f3n,\u00a0 a un tiro de piedra de Benaoj\u00e1n y a poco m\u00e1s de Ronda, gana enteros por d\u00edas en la n\u00f3mina de las maravillas de M\u00e1laga. En la pugna de quienes\u00a0 la prefieren para que se catalogue como tal dentro de\u00a0 los variopintos monumentos que se asientan\u00a0 merced a la naturaleza y sin asomo de la intervenci\u00f3n del hombre en la provincia, es notorio su ascenso diario.\u00a0\u00a0 Tan famosa gruta, asombro para unos e inquietante fascinaci\u00f3n para otros, no puede por menos de llenar de orgullo a quienes tuvimos la suerte de nacer en sus inmediaciones y crecer teni\u00e9ndola de tel\u00f3n de fondo de excursiones y comilonas campestres. Porque si existe un monumento natural, no digo en la provincia, sino en buena\u00a0 parte de la Pen\u00ednsula al que se le pueda sacar mayor provecho, es esta cueva en donde, aparte de su contemplaci\u00f3n, se puede permanecer durante todo un d\u00eda disfrutando de un microclima excelente. Propiciado \u00e9ste por lo abrigado de su situaci\u00f3n entre rocas y dehesillas,\u00a0 sobre todo en tiempos de farragosa can\u00edcula, es un alivio para el cuerpo por la sensaci\u00f3n\u00a0 de las aguas, fr\u00edas como cuchillos, que dispensa y dispone el\u00a0 \u00e1nimo para el sosiego y la relajaci\u00f3n m\u00e1s placentera.<\/p>\n<p>\u00bfDe qu\u00e9 potentes cinceles se sirvi\u00f3 la naturaleza para esculpir en la roca viva la colosal efigie desdentada y horripilante de un felino dispuesto a saltar sobre su presa? \u00bfQu\u00e9 fen\u00f3menos tel\u00faricos y qu\u00e9 coincidencias en geomorfolog\u00eda\u00a0 tuvieron que coincidir para que por las fauces del Gato rocoso escupiera un torrente de forma tal que asemejara el v\u00f3mito eterno de lo m\u00e1s profundo de sus entra\u00f1as? \u00bfQui\u00e9n modelar\u00eda la inmensidad de una oquedad que hoy maravilla y en la que suceden salas y lagos, fantasmag\u00f3ricas unas y fascinantes los otros, cuando no peligrosos y mortales para los osados que, sin destreza ni experiencia, se aventuren en su interior? No existe otro adjetivo que el de pasmo, por ser esta la sensaci\u00f3n que experimenta\u00a0 quien por primera vez se enfrenta a la espelunca.<\/p>\n<p>Y a sus pies, sin soluci\u00f3n de continuidad, el Charco Azul. Limpias y refrescantes aguas que en cualquier \u00e9poca del a\u00f1o se precipita en vistosa cascada, dando lugar a un escenario id\u00edlico con un verde proscenio de adelfas y mimbreras,\u00a0 que desde siempre hicieron las delicias de quienes sab\u00edan de\u00a0 las excelencias\u00a0 del remanso. Aqu\u00ed cuentan los cronicones medievales que acamparon las tropas de Pompeyo\u00a0 para invernar,\u00a0 antes de su enfrentamiento con la de C\u00e9sar en Munda, el\u00a0 Monda de hoy. Pero antes anduvieron por sus intrincadas galer\u00edas n\u00f3madas del Paleol\u00edtico y del Calcol\u00edtico posterior y all\u00ed nos dejaros muestras evidentes de sus inquietudes ante el misterio de la vida.<\/p>\n<p>Monumento natural sin reservas, substrato hist\u00f3rico, sugerente lugar para quienes todav\u00eda sue\u00f1an con para\u00edsos perdidos, ameno rinc\u00f3n para contrarrestar los calores, no ser\u00eda descabellado que el Gato figurase en el \u00edndice de maravillas malague\u00f1as dignas de disfrutarse en la nomenclatura de espacios \u2013 ahora eficazmente protegido \u00e9ste \u2013 \u00a0entre los que descuellan en la Pen\u00ednsula Ib\u00e9rica y que son causa de admiraci\u00f3n y pasmo.<\/p>\n<p>&nbsp;<\/p>\n<p>&nbsp;<\/p>\n","protected":false},"excerpt":{"rendered":"<p>&nbsp; Cueva del Gato: un\u00a0 prodigio con justas y restrictivas medidas El prodigio natural que conforma la Cueva del Gato, junto con las aguas desatadas que de su interior manan merced al r\u00edo Gaudares (o Campobuche para los amigos), caudal que desciende desde la circunscripci\u00f3n del vecino pueblo de Montejaque, municipio con el que Benaoj\u00e1n [&hellip;]<\/p>\n","protected":false},"author":27495,"featured_media":0,"comment_status":"open","ping_status":"closed","sticky":false,"template":"","format":"standard","meta":[],"categories":[1],"tags":[],"_links":{"self":[{"href":"https:\/\/blogs.diariosur.es\/avuelapluma\/wp-json\/wp\/v2\/posts\/3311"}],"collection":[{"href":"https:\/\/blogs.diariosur.es\/avuelapluma\/wp-json\/wp\/v2\/posts"}],"about":[{"href":"https:\/\/blogs.diariosur.es\/avuelapluma\/wp-json\/wp\/v2\/types\/post"}],"author":[{"embeddable":true,"href":"https:\/\/blogs.diariosur.es\/avuelapluma\/wp-json\/wp\/v2\/users\/27495"}],"replies":[{"embeddable":true,"href":"https:\/\/blogs.diariosur.es\/avuelapluma\/wp-json\/wp\/v2\/comments?post=3311"}],"version-history":[{"count":2,"href":"https:\/\/blogs.diariosur.es\/avuelapluma\/wp-json\/wp\/v2\/posts\/3311\/revisions"}],"predecessor-version":[{"id":3313,"href":"https:\/\/blogs.diariosur.es\/avuelapluma\/wp-json\/wp\/v2\/posts\/3311\/revisions\/3313"}],"wp:attachment":[{"href":"https:\/\/blogs.diariosur.es\/avuelapluma\/wp-json\/wp\/v2\/media?parent=3311"}],"wp:term":[{"taxonomy":"category","embeddable":true,"href":"https:\/\/blogs.diariosur.es\/avuelapluma\/wp-json\/wp\/v2\/categories?post=3311"},{"taxonomy":"post_tag","embeddable":true,"href":"https:\/\/blogs.diariosur.es\/avuelapluma\/wp-json\/wp\/v2\/tags?post=3311"}],"curies":[{"name":"wp","href":"https:\/\/api.w.org\/{rel}","templated":true}]}}