{"id":1169,"date":"2018-11-13T10:46:12","date_gmt":"2018-11-13T09:46:12","guid":{"rendered":"http:\/\/blogs.diariosur.es\/blogmalayo\/?p=1169"},"modified":"2018-11-13T10:46:12","modified_gmt":"2018-11-13T09:46:12","slug":"no-pedian-pisos","status":"publish","type":"post","link":"https:\/\/blogs.diariosur.es\/blogmalayo\/2018\/11\/13\/no-pedian-pisos\/","title":{"rendered":"No ped\u00edan pisos"},"content":{"rendered":"<p>El pasado fin de semana, un grupo numeroso de residentes africanos en la Costa del Sol se manifest\u00f3 durante dos horas en Fuengirola. Las im\u00e1genes fueron grabadas desde un balc\u00f3n y aparecieron en las redes con el mensaje de que era una manifestaci\u00f3n de inmigrantes exigiendo a las administraciones pisos gratis. La idea de que los inmigrantes disfrutan en Espa\u00f1a de privilegios a la hora de acceder ayudas sociales es uno de los bulos m\u00e1s difundidos y uno de los principales argumentos en la insoportable ola de racismo que encuentra \u00faltimamente en las redes su caldo de cultivo m\u00e1s propicio. No hay ning\u00fan dato que pueda avalarla, pero una parte no despreciable de la poblaci\u00f3n la ha asumido como si fuera una verdad contrastada. Vivimos en la \u00e9poca de la posverdad, y aunque ser\u00eda simplista atribuir solamente a las noticias falsas que proliferan en las redes sociales el auge en la pol\u00edtica mundial de personajes como Donald Trump o Jair Bolsonaro, ignorar o subestimar la influencia decisiva que esa realidad fabricada a partir de un desprecio absoluto por la verdad tiene sobre el nuevo esquema de poder que asoma ser\u00eda no entender nada de lo que est\u00e1 pasando. Aunque su formaci\u00f3n af\u00edn en Espa\u00f1a est\u00e1 disfrutando inexplicablemente de una cobertura medi\u00e1tica exagerada, los ultras homologables a Trump, Bolsonaro o Salvini son a\u00fan en este pa\u00eds irrelevantes en t\u00e9rminos electorales. Sin embargo, Espa\u00f1a no est\u00e1 a salvo de la instalaci\u00f3n de la posverdad en la conciencia colectiva. El racismo aflora todos los d\u00edas en las redes sociales, donde no se ve preocupaci\u00f3n por las miles de personas que se dejan la vida en el mar, sino por las supuestas ayudas que reciben quienes sobreviven a la traves\u00eda. A\u00fan antes de Goebbels, o de Jes\u00fas Gil si queremos tomar un ejemplo m\u00e1s cercano, la mentira organizada ha sido un arma que no ha estado ausente en la construcci\u00f3n de ciertos liderazgos pol\u00edticos, pero la nueva realidad comunicacional a la que Internet abri\u00f3 las puertas ha multiplicado exponencialmente la posibilidad de difundir falsedades. El \u2018miente, miente, que algo queda\u2019 del ide\u00f3logo nazi est\u00e1 hoy m\u00e1s vigente que nunca. Por eso, combatir y desenmascarar los bulos no s\u00f3lo deber\u00eda ser tarea de periodistas, sino de cualquier ciudadano con un m\u00ednimo de conciencia democr\u00e1tica. Por cierto, la supuesta manifestaci\u00f3n era en realidad la celebraci\u00f3n del Magal de Touba, una festividad religiosa. Los participantes llevaban las banderas de su pa\u00eds de origen (Senegal) y de su pa\u00eds de adopci\u00f3n (Espa\u00f1a) y en el permiso que tramitaron para que se autorizara la procesi\u00f3n escribieron como objeto del desfile: \u00abLa alegr\u00eda y el estar todos contentos\u00bb. No ped\u00edan nada.<\/p>\n","protected":false},"excerpt":{"rendered":"<p>El pasado fin de semana, un grupo numeroso de residentes africanos en la Costa del Sol se manifest\u00f3 durante dos horas en Fuengirola. Las im\u00e1genes fueron grabadas desde un balc\u00f3n y aparecieron en las redes con el mensaje de que era una manifestaci\u00f3n de inmigrantes exigiendo a las administraciones pisos gratis. La idea de que [&hellip;]<\/p>\n","protected":false},"author":37,"featured_media":0,"comment_status":"open","ping_status":"open","sticky":false,"template":"","format":"standard","meta":[],"categories":[1],"tags":[],"_links":{"self":[{"href":"https:\/\/blogs.diariosur.es\/blogmalayo\/wp-json\/wp\/v2\/posts\/1169"}],"collection":[{"href":"https:\/\/blogs.diariosur.es\/blogmalayo\/wp-json\/wp\/v2\/posts"}],"about":[{"href":"https:\/\/blogs.diariosur.es\/blogmalayo\/wp-json\/wp\/v2\/types\/post"}],"author":[{"embeddable":true,"href":"https:\/\/blogs.diariosur.es\/blogmalayo\/wp-json\/wp\/v2\/users\/37"}],"replies":[{"embeddable":true,"href":"https:\/\/blogs.diariosur.es\/blogmalayo\/wp-json\/wp\/v2\/comments?post=1169"}],"version-history":[{"count":1,"href":"https:\/\/blogs.diariosur.es\/blogmalayo\/wp-json\/wp\/v2\/posts\/1169\/revisions"}],"predecessor-version":[{"id":1170,"href":"https:\/\/blogs.diariosur.es\/blogmalayo\/wp-json\/wp\/v2\/posts\/1169\/revisions\/1170"}],"wp:attachment":[{"href":"https:\/\/blogs.diariosur.es\/blogmalayo\/wp-json\/wp\/v2\/media?parent=1169"}],"wp:term":[{"taxonomy":"category","embeddable":true,"href":"https:\/\/blogs.diariosur.es\/blogmalayo\/wp-json\/wp\/v2\/categories?post=1169"},{"taxonomy":"post_tag","embeddable":true,"href":"https:\/\/blogs.diariosur.es\/blogmalayo\/wp-json\/wp\/v2\/tags?post=1169"}],"curies":[{"name":"wp","href":"https:\/\/api.w.org\/{rel}","templated":true}]}}