{"id":1185,"date":"2018-12-26T19:02:05","date_gmt":"2018-12-26T18:02:05","guid":{"rendered":"http:\/\/blogs.diariosur.es\/blogmalayo\/?p=1185"},"modified":"2018-12-26T19:02:05","modified_gmt":"2018-12-26T18:02:05","slug":"un-testigo-un-voto","status":"publish","type":"post","link":"https:\/\/blogs.diariosur.es\/blogmalayo\/2018\/12\/26\/un-testigo-un-voto\/","title":{"rendered":"Un testigo, un voto"},"content":{"rendered":"<p><a href=\"https:\/\/static-blogs.diariosur.es\/wp-content\/uploads\/sites\/29\/2018\/12\/testigos.jpg\"><img loading=\"lazy\" class=\"alignnone size-full wp-image-1186\" src=\"https:\/\/static-blogs.diariosur.es\/wp-content\/uploads\/sites\/29\/2018\/12\/testigos.jpg\" alt=\"testigos\" width=\"624\" height=\"436\" srcset=\"https:\/\/static-blogs.diariosur.es\/wp-content\/uploads\/sites\/29\/2018\/12\/testigos.jpg 624w, https:\/\/static-blogs.diariosur.es\/wp-content\/uploads\/sites\/29\/2018\/12\/testigos-300x210.jpg 300w\" sizes=\"(max-width: 624px) 100vw, 624px\" \/><\/a><\/p>\n<p>Los grupos pol\u00edticos municipales podr\u00edan habernos ahorrado el espect\u00e1culo de farise\u00edsmo de esta semana. Ha resultado muy poco edificante todo lo que ha seguido a la noticia publicada acerca del expediente abierto en el Ayuntamiento para ceder suelo p\u00fablico, con clasificaci\u00f3n de uso educativo en su mayor parte, a la confesi\u00f3n religiosa Testigos Cristianos de Jehov\u00e1. Les hubiese resultado muy sencillo ser coherentes con lo que han venido haciendo durante los dos \u00faltimos a\u00f1os y articular un discurso acorde a esos hechos. Ten\u00edan argumentos: los Testigos de Jehov\u00e1 no son una organizaci\u00f3n ilegal, no pesa sobre ellos condena judicial alguna que se sepa, sus actividades no est\u00e1n prohibidas ni perseguidas por la ley, cuentan con varios cientos de miembros activos en Marbella y en algunas ocasiones el Palacio de Congresos se les ha quedado peque\u00f1o. Piden algo que el Ayuntamiento puede darles sin infringir la ley y el solar donde pretenden construir un templo no re\u00fane las dimensiones para levantar un colegio o un instituto. Cualquiera de estos argumentos, ninguno de ellos falaz, podr\u00eda haber sido utilizado para defender una iniciativa que naci\u00f3 con el gobierno tripartito y que continu\u00f3 tras la moci\u00f3n de censura. Si nadie tuvo nada en contra cuando el expediente avanzaba bajo la m\u00e1s absoluta discreci\u00f3n, por qu\u00e9 tenerlo ahora cuando ha salido a la luz p\u00fablica. Posiblemente, precisamente por eso, porque sali\u00f3 a la luz p\u00fablica y desnud\u00f3 contradicciones firmes y principios endebles.<\/p>\n<p>Un simple c\u00e1lculo basado en la intuici\u00f3n habr\u00e1 llevado a suponer, con toda raz\u00f3n, que por el mismo agujero por donde pod\u00edan entrar 500 o mil votos mediante una gesti\u00f3n realizada sin publicidad se pod\u00edan escapar much\u00edsimos m\u00e1s en cuanto esa misma gesti\u00f3n fuese conocida por los vecinos. Ceder suelo educativo en una zona que clama por infraestructuras p\u00fablicas y donde las guarder\u00edas son uno de los equipamientos m\u00e1s demandados es una iniciativa que puede no ser entendida por la mayor\u00eda. Contentar a los Testigos de Jehov\u00e1 y enfadar a las Ampas no parece ser un negocio muy rentable, y as\u00ed como hago una cosa le puedo decir la otra, oiga.<\/p>\n<div class=\"teads-inread sm-screen\">\n<div class=\"teads-ui-components-adchoices\">\u00a0Lo que sucede es que adoptar un discurso contrario a lo que ya se ha hecho obliga bien a hacer malabarismos dial\u00e9cticos o a despreciar la verdad y tirar para adelante confiando en que la noticia se quede a medias y no se conozca en toda su extensi\u00f3n. Lo que en lenguaje coloquial se llama mentir.<\/div>\n<\/div>\n<div class=\"voc-detail-summary\">\n<p>Lo electoral, por parad\u00f3jico que parezca, a veces discurre por el sendero de la antipol\u00edtica<\/p>\n<\/div>\n<p>El equipo de gobierno, por boca de su portavoz, F\u00e9lix Romero, opt\u00f3 por lo primero. Situ\u00f3 el desarrollo del expediente en fase administrativa y asegur\u00f3 que la decisi\u00f3n pol\u00edtica vendr\u00e1 despu\u00e9s, a la hora de resolverse las alegaciones si es que \u00e9stas se presentan. Seg\u00fan este razonamiento, ciertamente ingenioso aunque algo ex\u00f3tico, las decisiones pol\u00edticas s\u00f3lo se toman en el Ayuntamiento a la hora de resolver alegaciones. Si no hay alegaciones, el Ayuntamiento es una mera maquinaria administrativa donde da igual si gobierna el Club de Fans de Margaret Tatcher o la Organizaci\u00f3n Comunista Revolucionaria Poder Obrero. Si as\u00ed fuera, \u00bfpara qu\u00e9 molestar a los ciudadanos llam\u00e1ndolos a las urnas un domingo de primavera cada cuatro a\u00f1os? \u00bfLos principios y convicciones s\u00f3lo se sostienen mediante la resoluci\u00f3n de alegaciones?<\/p>\n<p>Siguiendo esta idea del Ayuntamiento como mera instituci\u00f3n burocr\u00e1tica sin contenido pol\u00edtico, es l\u00f3gico que durante dos a\u00f1os y mientras se desarroll\u00f3 un expediente que atraves\u00f3 16 fases y pas\u00f3 por tres delegaciones diferentes, al frente de las cuales ha habido en todo este tiempo tres partidos pol\u00edticos distintos, nadie haya reparado en que el suelo p\u00fablico con calificaci\u00f3n educativa, en una ciudad con una carencia dram\u00e1tica de guarder\u00edas, de bibliotecas y de equipamientos donde desarrollar actividades docentes, no deber\u00eda estar disponible para construir templos religiosos. Que un expediente simplemente se inicie, se desarrolle y se termine sin que alguien en alg\u00fan momento haga una valoraci\u00f3n pol\u00edtica y tome decisiones a\u00fan a riesgo de disgustar a alg\u00fan colectivo deber\u00eda inquietarnos. Aunque suene contradictorio, lo electoral discurre muchas veces por caminos que no pueden ser considerados pol\u00edticos sino, m\u00e1s bien, antipol\u00edticos.<\/p>\n<p>En esa parcela se intent\u00f3 en tres ocasiones construir una guarder\u00eda mediante el sistema de concesi\u00f3n, es decir, cesi\u00f3n del suelo a un privado para que realice la inversi\u00f3n y luego explote las instalaciones concertando las plazas con la Junta de Andaluc\u00eda. No hubo interesados y el Ayuntamiento desech\u00f3 la posibilidad de acometer las obras con sus propios recursos. Lo que para el Partido Popular es inaceptable cuando la inversi\u00f3n la deb\u00eda realizar la Junta, como sucedi\u00f3 con el Hospital o con el Puerto de La Bajadilla, no parece ofrecer objeciones cuando toca mirarse al espejo.<\/p>\n<p>El expediente se inici\u00f3 el 1 de marzo de 2016 y pas\u00f3 durante el gobierno tripartito por las \u00e1reas de Patrimonio, al frente de la cual se encontraba OSP, Urbanismo (PSOE) y Cultura (OSP). Tras la moci\u00f3n de censura volvi\u00f3 a pasar por las mismas \u00e1reas, es decir Patrimonio (OSP), Urbanismo (PP) y Cultura (PP). Al iniciarse este proceso, representantes de los Testigos de Jehov\u00e1 se reunieron con todos los partidos pol\u00edticos, a excepci\u00f3n de Izquierda Unida seg\u00fan han confirmado a este peri\u00f3dico ambas partes.<\/p>\n<p>Por ello, si la explicaci\u00f3n ensayada por F\u00e9lix Romero una vez conocida la informaci\u00f3n podr\u00eda ser considerada, digamos, original, la reacci\u00f3n del Partido Socialista, escenificando una indignaci\u00f3n al estilo de Louis Renault, el polic\u00eda corrupto de Casablanca al grito de \u00ab\u00a1qu\u00e9 esc\u00e1ndalo, aqu\u00ed se juega!\u00bb, encuentra m\u00e1s dif\u00edcil calificaci\u00f3n. La pol\u00edtica, que es el \u00fanico instrumento de los ciudadanos de a pie frente a los m\u00e1s poderosos, no deber\u00eda tener a la mentira como parte habitual de su paisaje. Porque si se degrada quienes pierden son los m\u00e1s d\u00e9biles.<\/p>\n","protected":false},"excerpt":{"rendered":"<p>Los grupos pol\u00edticos municipales podr\u00edan habernos ahorrado el espect\u00e1culo de farise\u00edsmo de esta semana. Ha resultado muy poco edificante todo lo que ha seguido a la noticia publicada acerca del expediente abierto en el Ayuntamiento para ceder suelo p\u00fablico, con clasificaci\u00f3n de uso educativo en su mayor parte, a la confesi\u00f3n religiosa Testigos Cristianos de [&hellip;]<\/p>\n","protected":false},"author":37,"featured_media":0,"comment_status":"open","ping_status":"open","sticky":false,"template":"","format":"standard","meta":[],"categories":[1],"tags":[],"_links":{"self":[{"href":"https:\/\/blogs.diariosur.es\/blogmalayo\/wp-json\/wp\/v2\/posts\/1185"}],"collection":[{"href":"https:\/\/blogs.diariosur.es\/blogmalayo\/wp-json\/wp\/v2\/posts"}],"about":[{"href":"https:\/\/blogs.diariosur.es\/blogmalayo\/wp-json\/wp\/v2\/types\/post"}],"author":[{"embeddable":true,"href":"https:\/\/blogs.diariosur.es\/blogmalayo\/wp-json\/wp\/v2\/users\/37"}],"replies":[{"embeddable":true,"href":"https:\/\/blogs.diariosur.es\/blogmalayo\/wp-json\/wp\/v2\/comments?post=1185"}],"version-history":[{"count":1,"href":"https:\/\/blogs.diariosur.es\/blogmalayo\/wp-json\/wp\/v2\/posts\/1185\/revisions"}],"predecessor-version":[{"id":1187,"href":"https:\/\/blogs.diariosur.es\/blogmalayo\/wp-json\/wp\/v2\/posts\/1185\/revisions\/1187"}],"wp:attachment":[{"href":"https:\/\/blogs.diariosur.es\/blogmalayo\/wp-json\/wp\/v2\/media?parent=1185"}],"wp:term":[{"taxonomy":"category","embeddable":true,"href":"https:\/\/blogs.diariosur.es\/blogmalayo\/wp-json\/wp\/v2\/categories?post=1185"},{"taxonomy":"post_tag","embeddable":true,"href":"https:\/\/blogs.diariosur.es\/blogmalayo\/wp-json\/wp\/v2\/tags?post=1185"}],"curies":[{"name":"wp","href":"https:\/\/api.w.org\/{rel}","templated":true}]}}