{"id":1208,"date":"2019-03-21T13:15:42","date_gmt":"2019-03-21T12:15:42","guid":{"rendered":"http:\/\/blogs.diariosur.es\/blogmalayo\/?p=1208"},"modified":"2019-03-21T13:15:42","modified_gmt":"2019-03-21T12:15:42","slug":"olvido-mezquino","status":"publish","type":"post","link":"https:\/\/blogs.diariosur.es\/blogmalayo\/2019\/03\/21\/olvido-mezquino\/","title":{"rendered":"Olvido mezquino"},"content":{"rendered":"<p><a href=\"https:\/\/static-blogs.diariosur.es\/wp-content\/uploads\/sites\/29\/2019\/03\/135604380-624x405.jpg\"><img loading=\"lazy\" class=\"alignnone size-full wp-image-1209\" src=\"https:\/\/static-blogs.diariosur.es\/wp-content\/uploads\/sites\/29\/2019\/03\/135604380-624x405.jpg\" alt=\"135604380-624x405\" width=\"624\" height=\"405\" srcset=\"https:\/\/static-blogs.diariosur.es\/wp-content\/uploads\/sites\/29\/2019\/03\/135604380-624x405.jpg 624w, https:\/\/static-blogs.diariosur.es\/wp-content\/uploads\/sites\/29\/2019\/03\/135604380-624x405-300x195.jpg 300w\" sizes=\"(max-width: 624px) 100vw, 624px\" \/><\/a><\/p>\n<p>&nbsp;<\/p>\n<p>Si se hiciera una encuesta en la que se preguntara a los ciudadanos qu\u00e9 es lo que m\u00e1s les molesta de los pol\u00edticos, posiblemente la opci\u00f3n m\u00e1s votada no ser\u00eda que en muchas ocasiones crean problemas en lugar de resolverlos, que han incorporado la mentira como una parte de su normalidad cotidiana, que habitualmente dedican demasiado tiempo a planear a qu\u00e9 compa\u00f1ero le van a pegar el pr\u00f3ximo navajazo, que suelen prometer m\u00e1s de lo que pueden cumplir, que cuando llegan a un cargo de relevancia demoran muy poco en aislarse en una burbuja en la que s\u00f3lo habitan otros con su misma ocupaci\u00f3n o que disponen del dinero p\u00fablico m\u00e1s con criterio de utilidad partidaria que de utilidad social. Es probable que ninguna de estas actitudes, que se puede decir que son habituales a\u00fan corriendo el riesgo de caer en una generalizaci\u00f3n injusta, sea la que m\u00e1s moleste al personal. Lo que realmente fastidia es que lo tomen a uno por bobo, que lo traten como si fuera menor de edad.<\/p>\n<div class=\"voc-detail voc-detail-grid\" data-voc-share-selection=\"\">\n<p>Esta semana comienza una de las pruebas del World Padel Tour, el circuito internacional de padel en el que participan los mejores jugadores del mundo de ese deporte. Los partidos se celebrar\u00e1n en dos sedes diferentes, una en Nueva Andaluc\u00eda para los partidos menos relevantes y la otra, donde se jugar\u00e1n las finales, en el pabell\u00f3n municipal Elena Ben\u00edtez, de San Pedro Alc\u00e1ntara.<\/p>\n<p>La organizaci\u00f3n ha decidido que en la carteler\u00eda del evento el nombre de esa deportista fuese eliminado, de modo que en la promoci\u00f3n del evento se indica que la sede es el Palacio de los Deportes San Pedro Alc\u00e1ntara. M\u00e1s que como an\u00e9cdota, el acontecimiento merece ser citado como categor\u00eda, como ejemplo de c\u00f3mo se resuelven algunas cuestiones en el Ayuntamiento de un tiempo a esta parte.<\/p>\n<p>El pabell\u00f3n lleva el nombre de la taekwondista sampedre\u00f1a, primera deportista de la localidad que consigui\u00f3 una medalla ol\u00edmpica, desde el a\u00f1o 2013, cuando el equipo de gobierno encabezado por \u00c1ngeles Mu\u00f1oz decidi\u00f3 homenajearla de esa manera como reconocimiento a su trayectoria. Se da la circunstancia de que dos a\u00f1os despu\u00e9s, en un reconocimiento similar a una trayectoria de m\u00e9rito, el mismo equipo de gobierno bautiz\u00f3 con el nombre de Javier M\u00e9rida a la piscina municipal, aunque de gesti\u00f3n privada, situada a pocos metros del pabell\u00f3n Elena Ben\u00edtez. El destino quiso que ese mismo a\u00f1o M\u00e9rida fichara por el Partido Popular -es el actual concejal de Deportes- y que Ben\u00edtez lo hiciera m\u00e1s recientemente por el PSOE, partido con el que acudir\u00e1 a las elecciones municipales como n\u00famero dos de la lista.<\/p>\n<p>Resulta dif\u00edcil imaginarse a Javier M\u00e9rida -entre cuyos defectos no figura el de haber hechos suyos los peores vicios de la pol\u00edtica que mencion\u00e1bamos al principio- tomando una decisi\u00f3n tan mezquina como la de borrar a una colega, aunque circunstancialmente adversaria pol\u00edtica, de un cartel que promociona un evento de cierta entidad que se celebra en el pabell\u00f3n que lleva su nombre.<\/p>\n<p>Por el contrario, a poco que se ha indagado en este asunto se ha podido concluir que la decisi\u00f3n se ha tomado en la Tenencia de Alcald\u00eda y que las explicaciones que se han dado -\u00abno hay mala intenci\u00f3n\u00bb, \u00abquer\u00edamos que el nombre de San Pedro saliera m\u00e1s grande\u00bb- pueden resultar convincentes s\u00f3lo para quien quiera cre\u00e9rselas, sobre todo porque al d\u00eda siguiente se recurri\u00f3 a un argumento diferente que dec\u00eda que el torneo no se juega solamente en el pabell\u00f3n Elena Ben\u00edtez. Todo muy chusco.<\/p>\n<p>Se puede llegar, por ello, a dos conclusiones. La primera confirma la reflexi\u00f3n con la que comenzaba este art\u00edculo: hay pol\u00edticos decididos a tratar a los ciudadanos como menores de edad.<\/p>\n<p>La segunda conclusi\u00f3n, aunque ya se sab\u00eda, tiene igual trascendencia. Todo lo que pasa en San Pedro se cocina en la Tenencia de Alcald\u00eda. No hay decisi\u00f3n pol\u00edtica, de mayor o menor calado, en ese distrito en la que el Partido Popular intervenga. El pacto de gobierno, como ya suced\u00eda en el tripartito encabezado por el PSOE, establece de facto una autonom\u00eda completa: el PP, como antes el PSOE e Izquierda Unida, gobierna en Marbella, Las Chapas y Nueva Andaluc\u00eda; OSP gobierna en San Pedro. El PP tiene 13 concejales; Opci\u00f3n Sampedre\u00f1a, dos.<\/p>\n<p>El escenario no sorprende, porque es el mismo que se estableci\u00f3 desde el inicio del actual mandato municipal. Tanto al pactar con PSOE e Izquierda Unida primero como al hacerlo con el Partido Popular despu\u00e9s para presentar la moci\u00f3n de censura, OSP, con el peso que le daban su dos concejales de 27 para volcar la balanza a izquierda o a derecha, consigui\u00f3 que ambas formaciones le dieran sucesivamente la llave, el picaporte, la puerta y la Tenencia de Alcald\u00eda de San Pedro completa. Sin control y sin contrapesos.<\/p>\n<p>Durante estos cuatro a\u00f1os, los dos primeros el PSOE, los dos siguientes el Partido Popular, mostraron una \u00fanica preocupaci\u00f3n en San Pedro Alc\u00e1ntara: que Rafael Pi\u00f1a y los suyos no se enfadaran. El desvelo fue m\u00e1s por cuidar a Pi\u00f1a que por controlar lo que Pi\u00f1a hac\u00eda con el poder que le hab\u00edan dado.<\/p>\n<p>Para el PSOE, tanto af\u00e1n en no irritar a su socio no tuvo recompensa ninguna. Lo que queda por saber es si lo tendr\u00e1 para el PP. En poco tiempo llegan las elecciones, San Pedro sigue siendo un distrito relevante en el que reside cerca del 30 por ciento del electorado y todos los partidos tienen que ir ah\u00ed a pedir el voto. Y la verdad es que tienen un problema.<\/p>\n<p>Habr\u00e1 vecinos que est\u00e9n conformes con lo que se ha hecho desde la Tenencia de Alcald\u00eda. Esos los tienen f\u00e1cil, sabr\u00e1n a qui\u00e9n votar. El problema lo tendr\u00e1n quienes mantengan una posici\u00f3n cr\u00edtica. Lo l\u00f3gico es que no voten a OSP. \u00bfPero encontrar\u00e1n argumentos para darle su confianza a quienes le concedieron a esa formaci\u00f3n un poder exento de todo control y que adem\u00e1s excedi\u00f3 largamente la proporcionalidad del mandato de las urnas?<\/p>\n<p>El problema mayor, sin embargo, no lo tienen los votantes, sino los partidos. Para el PSOE puede parecer sencillo denunciar haber sido v\u00edctima de una traici\u00f3n a mitad del mandato municipal, pero no ser\u00e1 seguramente tan f\u00e1cil explicar en qu\u00e9 se diferencia la actual gesti\u00f3n de OSP en la Tenencia de Alcald\u00eda de la que realiz\u00f3 durante los dos primeros a\u00f1os, cuando el alcalde era Jos\u00e9 Bernal. Su estrategia para San Pedro, no obstante, ha quedado clara con la incorporaci\u00f3n de la sampedre\u00f1a Elena Ben\u00edtez como n\u00famero dos de la lista. Lo acertado de esta elecci\u00f3n se ha se\u00f1alado desde la propia Tenencia de Alcald\u00eda, al eliminar burdamente del cartel promocional del evento deportivo el nombre de la deportista ahora candidata.<\/p>\n<p>El Partido Popular tambi\u00e9n suele hacer \u00e9nfasis en San Pedro situando en el segundo lugar de la lista a un candidato de ese distrito. Lo viene haciendo desde 2007, pero hasta ahora el resultado ha sido desparejo. Desde el punto de vista electoral le ha ido bien, ya que ha ganado todas las elecciones municipales en ese distrito. Desde el punto de vista pol\u00edtico el resultado ha sido menos afortunado: los ediles situados en esa posici\u00f3n, Miguel Troyano primero y Crist\u00f3bal Garre despu\u00e9s, no han tenido un paso por la gesti\u00f3n municipal que se pueda calificar de brillante.<\/p>\n<p>Sin embargo, en esta ocasi\u00f3n no se trata s\u00f3lo de candidatos, sino de discurso pol\u00edtico. Ser\u00e1 interesante saber con qu\u00e9 argumentos se presenta el PP ante los electores de San Pedro, si de aqu\u00ed a las elecciones se atreve a lanzar alguna cr\u00edtica contra su socio y, sobre todo, si se muestra dispuesto a repetir en el pr\u00f3ximo mandato el esquema de reino de taifas.<\/p>\n<\/div>\n<div class=\"voc-newsletter\"><\/div>\n","protected":false},"excerpt":{"rendered":"<p>&nbsp; Si se hiciera una encuesta en la que se preguntara a los ciudadanos qu\u00e9 es lo que m\u00e1s les molesta de los pol\u00edticos, posiblemente la opci\u00f3n m\u00e1s votada no ser\u00eda que en muchas ocasiones crean problemas en lugar de resolverlos, que han incorporado la mentira como una parte de su normalidad cotidiana, que habitualmente [&hellip;]<\/p>\n","protected":false},"author":37,"featured_media":0,"comment_status":"open","ping_status":"open","sticky":false,"template":"","format":"standard","meta":[],"categories":[1],"tags":[],"_links":{"self":[{"href":"https:\/\/blogs.diariosur.es\/blogmalayo\/wp-json\/wp\/v2\/posts\/1208"}],"collection":[{"href":"https:\/\/blogs.diariosur.es\/blogmalayo\/wp-json\/wp\/v2\/posts"}],"about":[{"href":"https:\/\/blogs.diariosur.es\/blogmalayo\/wp-json\/wp\/v2\/types\/post"}],"author":[{"embeddable":true,"href":"https:\/\/blogs.diariosur.es\/blogmalayo\/wp-json\/wp\/v2\/users\/37"}],"replies":[{"embeddable":true,"href":"https:\/\/blogs.diariosur.es\/blogmalayo\/wp-json\/wp\/v2\/comments?post=1208"}],"version-history":[{"count":1,"href":"https:\/\/blogs.diariosur.es\/blogmalayo\/wp-json\/wp\/v2\/posts\/1208\/revisions"}],"predecessor-version":[{"id":1210,"href":"https:\/\/blogs.diariosur.es\/blogmalayo\/wp-json\/wp\/v2\/posts\/1208\/revisions\/1210"}],"wp:attachment":[{"href":"https:\/\/blogs.diariosur.es\/blogmalayo\/wp-json\/wp\/v2\/media?parent=1208"}],"wp:term":[{"taxonomy":"category","embeddable":true,"href":"https:\/\/blogs.diariosur.es\/blogmalayo\/wp-json\/wp\/v2\/categories?post=1208"},{"taxonomy":"post_tag","embeddable":true,"href":"https:\/\/blogs.diariosur.es\/blogmalayo\/wp-json\/wp\/v2\/tags?post=1208"}],"curies":[{"name":"wp","href":"https:\/\/api.w.org\/{rel}","templated":true}]}}