{"id":1211,"date":"2019-03-25T09:50:32","date_gmt":"2019-03-25T08:50:32","guid":{"rendered":"http:\/\/blogs.diariosur.es\/blogmalayo\/?p=1211"},"modified":"2019-03-25T09:50:32","modified_gmt":"2019-03-25T08:50:32","slug":"carrera-a-ciegas","status":"publish","type":"post","link":"https:\/\/blogs.diariosur.es\/blogmalayo\/2019\/03\/25\/carrera-a-ciegas\/","title":{"rendered":"Carrera a ciegas"},"content":{"rendered":"<p><a href=\"https:\/\/static-blogs.diariosur.es\/wp-content\/uploads\/sites\/29\/2019\/03\/articulo-hector-U30430909130Ex-U70992596608JtB-624x450@Diario-Sur-DiarioSur.jpg\"><img loading=\"lazy\" class=\"alignnone size-full wp-image-1212\" src=\"https:\/\/static-blogs.diariosur.es\/wp-content\/uploads\/sites\/29\/2019\/03\/articulo-hector-U30430909130Ex-U70992596608JtB-624x450@Diario-Sur-DiarioSur.jpg\" alt=\"articulo-hector-u30430909130ex-u70992596608jtb-624x450diario-sur-diariosur\" width=\"621\" height=\"441\" srcset=\"https:\/\/static-blogs.diariosur.es\/wp-content\/uploads\/sites\/29\/2019\/03\/articulo-hector-U30430909130Ex-U70992596608JtB-624x450@Diario-Sur-DiarioSur.jpg 621w, https:\/\/static-blogs.diariosur.es\/wp-content\/uploads\/sites\/29\/2019\/03\/articulo-hector-U30430909130Ex-U70992596608JtB-624x450@Diario-Sur-DiarioSur-300x213.jpg 300w\" sizes=\"(max-width: 621px) 100vw, 621px\" \/><\/a><\/p>\n<p>&nbsp;<\/p>\n<p>Nunca antes, al menos hasta donde llega la memoria, unas elecciones municipales en Marbella hab\u00edan reunido tantas inc\u00f3gnitas a s\u00f3lo dos meses de su celebraci\u00f3n. Ni siquiera cuando la ciudad despert\u00f3 de la larga pesadilla del GIL, que con sus 15 a\u00f1os de duraci\u00f3n imped\u00eda contar con antecedentes que pudieran ayudar a hacer una previsi\u00f3n sobre lo que podr\u00eda pasar con el paso de los vecinos por las urnas, la carrera electoral se presentaba con tantos enigmas como los que aparecen ahora. No solamente por la dificultad para prever cu\u00e1les ser\u00e1n los resultados, sino porque ni siquiera se sabe qu\u00e9 partidos concurrir\u00e1n y con qu\u00e9 candidatos.<\/p>\n<p>Los partidos, donde las cuestiones se suelen resolver tomando en cuenta m\u00faltiples factores, se est\u00e1n viendo obligados en esta ocasi\u00f3n a hacerlo pr\u00e1cticamente a ciegas y posiblemente sea eso lo que est\u00e1 demorando la toma de decisiones fundamentales.<\/p>\n<div class=\"teads-inread\">\n<div>\n<div class=\"teads-ui-components-adchoices\">\u00a0El resultado en gran medida inesperado de las elecciones auton\u00f3micas del pasado diciembre provoc\u00f3 un cimbronazo del que las formaciones pol\u00edticas tardan en recuperarse.<\/div>\n<\/div>\n<\/div>\n<p><span id=\"addon-section\">Se repite que las encuestas no vieron venir el fen\u00f3meno Vox y eso aumenta las inseguridades a la hora de tomar decisiones. Sin embargo, para ser m\u00e1s precisos habr\u00eda que apuntar que las que no captaron la irrupci\u00f3n de la extrema derecha fueron las encuestas publicadas, ya que la\u00a0<a class=\"addon-citation addon-tooltip addon-preview-pending\" href=\"https:\/\/go.vlex.com\/vid\/127131?fbt=webapp_preview\" target=\"_blank\" data-vids=\"127131\" rel=\"external nofollow\">ley electoral<small><\/small><\/a>\u00a0prohibe darlas a conocer a menos de una semana de la cita electoral y el apoyo al partido ultraderechista se decant\u00f3 en los \u00faltimos d\u00edas.<\/span><\/p>\n<p>En todo caso, en los partidos existe la sensaci\u00f3n de que se est\u00e1n moviendo en un terreno pantanoso y repleto de incertidumbres, y que al no tener un panorama claro se ven obligados a tomar decisiones pr\u00e1cticamente a ciegas.<\/p>\n<p>Uno de los factores que m\u00e1s contribuye a esta inseguridad es que a diferencia de lo que ha sucedido hasta ahora, ya no podr\u00e1 utilizarse la referencia de unas elecciones para tomar decisiones sobre las siguientes.<\/p>\n<p>La previsi\u00f3n inicial, si no hab\u00eda adelanto electoral, era que las municipales se celebraran en primer lugar. Si se hubiese seguido el calendario l\u00f3gico, el Partido Popular, por ejemplo podr\u00eda haber tomado la decisi\u00f3n de que \u00c1ngeles Mu\u00f1oz repitiera como candidata a senadora una vez que conociera si volv\u00eda a obtener la confianza de sus vecinos para seguir como alcaldesa. Al invertirse el orden cronol\u00f3gico de los comicios, esa decisi\u00f3n tuvo que adoptarse a ciegas. Es decir, sin contar con toda la informaci\u00f3n.<\/p>\n<p>Esta falta de datos tambi\u00e9n opera como consecuencia de la superposici\u00f3n de unas elecciones sobre otras. Al estar separadas por menos de un mes -las generales son el 28 de abril y las municipales, el 26 de mayo- los partidos no tendr\u00e1n tiempo para corregir decisiones para la segunda elecci\u00f3n una vez conocido el resultado de la primera.<\/p>\n<p>Las listas para las municipales tienen como fecha l\u00edmite de presentaci\u00f3n el 22 de abril, es decir, el lunes previo a la celebraci\u00f3n de las generales. De esa manera, no se podr\u00e1 contar con la referencia de los comicios que se celebran antes y los partidos pueden llegar a comprobar que se han equivocado cuando ya es imposible rectificar. Sobre todo, porque m\u00e1s all\u00e1 del factor cercan\u00eda que opera en toda elecci\u00f3n municipal no es l\u00f3gico pensar que vayan a ser muchos los electores que tras optar por una sigla en las elecciones generales cambien de opci\u00f3n cuatro semanas m\u00e1s tarde.<\/p>\n<p>Por ello nos encontramos ante un momento de inquietud e inseguridades.<\/p>\n<p>Existe la fundada sensaci\u00f3n de que estamos ante un cambio de ciclo pol\u00edtico que nadie se atreve a vaticinar a d\u00f3nde conduce. El tren de la crisis pol\u00edtica que sigui\u00f3 a la crisis econ\u00f3mica contin\u00faa su marcha desbocada y es imposible adivinar cu\u00e1ndo llegaremos y qu\u00e9 nos encontraremos en la estaci\u00f3n de destino.<\/p>\n<p>En segundo lugar, y como consecuencia de lo anterior, porque los partidos pol\u00edticos est\u00e1n inmersos en unos procesos de guerra interna que se han visto en la conformaci\u00f3n de las listas para las elecciones generales, tanto en el PSOE como en el PP, pero tambi\u00e9n en Ciudadanos y en Podemos. En el caso de la formaci\u00f3n morada posiblemente ser\u00eda m\u00e1s ajustado hablar de una pendiente de descomposici\u00f3n que tiene como principal s\u00edntoma el abandono de sus cabezas m\u00e1s l\u00facidas y de la que tampoco parece adivinarse el final.<\/p>\n<p>As\u00ed las cosas, es l\u00f3gico que la mayor parte de los partidos no hayan encontrado tiempo para ocuparse de qu\u00e9 van a hacer en las elecciones municipales. Marbella no es una excepci\u00f3n.<\/p>\n<p>Por ello, esta situaci\u00f3n ha permitido vislumbrar cu\u00e1les son las formaciones que cuentan con autonom\u00eda y cu\u00e1les parecen funcionar m\u00e1s que como franquicias, como sucursales de unas organizaciones conducidas con mando a distancia. El PSOE de Marbella, ajeno o prescindente de las graves luchas internas entre su direcci\u00f3n federal y su direcci\u00f3n andaluza, hace ya semanas que ha definido la lista. Despu\u00e9s de que el reducido n\u00facleo de militantes sanchistas declinara presentar batalla, las elecciones primarias fueron un paseo militar para Bernal y los suyos, que llevan ya varias semanas haciendo un paciente y callado trabajo de proselitismo puerta a puerta cuya cosecha aspiran a recoger en las urnas el 26 de mayo.<\/p>\n<p>En el Partido Popular la lista tambi\u00e9n se decidir\u00e1 en Marbella, y m\u00e1s concretamente en el lugar en el que \u00c1ngeles Mu\u00f1oz se encuentre cuando llegue el momento de elaborarla. Con la gesti\u00f3n institucional como principal aval electoral, el poder interno de la alcaldesa es absoluto, y hasta ahora no ha dado se\u00f1al alguna de qui\u00e9nes ser\u00e1n los que colocar\u00e1 en los primeros lugares de la candidatura. Conscientes de que compartir el espacio pol\u00edtico de la derecha con dos formaciones que nunca han acudido a las urnas en Marbella les restar\u00e1 apoyos, la ansiedad por conocer qu\u00e9 lugar en la lista les reserva la jefa es dif\u00edcilmente disimulable en algunos ediles.<\/p>\n<p>Tambi\u00e9n Izquierda Unida cuenta con autonom\u00eda absoluta no solamente para elaborar su candidatura, que volver\u00e1 a tener a Miguel D\u00edaz como aspirante a la Alcald\u00eda. El libre albedr\u00edo del que dispone la agrupaci\u00f3n local es tal que la voluntad de acudir en solitario a los comicios ser\u00e1 respetado por los \u00f3rganos provincial y auton\u00f3mico de la formaci\u00f3n de izquierdas. D\u00edaz conf\u00eda en un electorado que le ha sido fiel a\u00fan en los peores momentos y no quiere verse contaminado por la grave crisis interna que afecta a Podemos. La posibilidad de que en las municipales de Marbella haya una lista con las siglas Unidas Podemos o Adelante Andaluc\u00eda es remot\u00edsima por no decir inexistente.<\/p>\n<p>En Podemos, la pugna interna que desemboc\u00f3 en una asamblea primero denunciada por la direcci\u00f3n local y despu\u00e9s anulada por la organizaci\u00f3n andaluza ha dado lugar a la creaci\u00f3n de una gestora que tendr\u00e1 la dif\u00edcil tarea de armar una lista de consenso. El deterioro es tan grave que no se descarta, incluso, que el partido morado opte por no presentarse a las elecciones en Marbella.<\/p>\n<p>Frente a estas situaciones, los partidos nuevos confirman su condici\u00f3n de meras sucursales que esperan una decisi\u00f3n tomada a distancia.<\/p>\n<p>El caso m\u00e1s flagrante, pero no el \u00fanico, es Ciudadanos, que est\u00e1 demostrando en Marbella, pero no s\u00f3lo en Marbella, su naturaleza m\u00e1s cercana a la de una empresa con sucursales que a la de un partido pol\u00edtico. Un caso similar es el de Vox, partido que prefiere participar por canales informales, como la formaci\u00f3n antisistema que es, y que adem\u00e1s carece tambi\u00e9n de una autonom\u00eda m\u00ednima. Para conocer los candidatos habr\u00e1 que esperar a que alguien los nombre, seg\u00fan el caso, desde Madrid o desde Barcelona. Su problema es que no podr\u00e1n esperar a conocer los resultados electorales del 28 de abril. Tendr\u00e1n que hacerlo a ciegas.<\/p>\n","protected":false},"excerpt":{"rendered":"<p>&nbsp; Nunca antes, al menos hasta donde llega la memoria, unas elecciones municipales en Marbella hab\u00edan reunido tantas inc\u00f3gnitas a s\u00f3lo dos meses de su celebraci\u00f3n. Ni siquiera cuando la ciudad despert\u00f3 de la larga pesadilla del GIL, que con sus 15 a\u00f1os de duraci\u00f3n imped\u00eda contar con antecedentes que pudieran ayudar a hacer una [&hellip;]<\/p>\n","protected":false},"author":37,"featured_media":0,"comment_status":"open","ping_status":"open","sticky":false,"template":"","format":"standard","meta":[],"categories":[1],"tags":[],"_links":{"self":[{"href":"https:\/\/blogs.diariosur.es\/blogmalayo\/wp-json\/wp\/v2\/posts\/1211"}],"collection":[{"href":"https:\/\/blogs.diariosur.es\/blogmalayo\/wp-json\/wp\/v2\/posts"}],"about":[{"href":"https:\/\/blogs.diariosur.es\/blogmalayo\/wp-json\/wp\/v2\/types\/post"}],"author":[{"embeddable":true,"href":"https:\/\/blogs.diariosur.es\/blogmalayo\/wp-json\/wp\/v2\/users\/37"}],"replies":[{"embeddable":true,"href":"https:\/\/blogs.diariosur.es\/blogmalayo\/wp-json\/wp\/v2\/comments?post=1211"}],"version-history":[{"count":1,"href":"https:\/\/blogs.diariosur.es\/blogmalayo\/wp-json\/wp\/v2\/posts\/1211\/revisions"}],"predecessor-version":[{"id":1213,"href":"https:\/\/blogs.diariosur.es\/blogmalayo\/wp-json\/wp\/v2\/posts\/1211\/revisions\/1213"}],"wp:attachment":[{"href":"https:\/\/blogs.diariosur.es\/blogmalayo\/wp-json\/wp\/v2\/media?parent=1211"}],"wp:term":[{"taxonomy":"category","embeddable":true,"href":"https:\/\/blogs.diariosur.es\/blogmalayo\/wp-json\/wp\/v2\/categories?post=1211"},{"taxonomy":"post_tag","embeddable":true,"href":"https:\/\/blogs.diariosur.es\/blogmalayo\/wp-json\/wp\/v2\/tags?post=1211"}],"curies":[{"name":"wp","href":"https:\/\/api.w.org\/{rel}","templated":true}]}}