{"id":247,"date":"2011-11-08T13:03:26","date_gmt":"2011-11-08T12:03:26","guid":{"rendered":"http:\/\/blogs.diariosur.es\/blogmalayo\/?p=247"},"modified":"2011-11-08T13:03:26","modified_gmt":"2011-11-08T12:03:26","slug":"marbella-su-deuda-y-la-campana","status":"publish","type":"post","link":"https:\/\/blogs.diariosur.es\/blogmalayo\/2011\/11\/08\/marbella-su-deuda-y-la-campana\/","title":{"rendered":"Marbella, su deuda y la campa\u00f1a"},"content":{"rendered":"<p>Los presupuestos municipales presentados por el equipo de gobierno para el a\u00f1o pr\u00f3ximo ponen cifras a la tragedia econ\u00f3mica que vive el Ayuntamiento de Marbella, que aunque se inscribe en el marco de la tragedia general tiene caracter\u00edsticas propias que la hacen a\u00fan m\u00e1s profunda.\u00a0 Da igual c\u00f3mo se presenten las cifras ni cu\u00e1ntas capas de maquillaje se apliquen: el Ayuntamiento de Marbella est\u00e1 en una situaci\u00f3n insostenible de la que no podr\u00e1 salir con sus propios recursos.<br \/>\nDesde el equipo de gobierno se ha reclamado durante los \u00faltimos a\u00f1os una soluci\u00f3n pol\u00edtica como \u00fanica manera de afrontar esta situaci\u00f3n, y durante la presente campa\u00f1a electoral se ver\u00e1n anuncios optimistas que har\u00e1n ver la soluci\u00f3n a vuelta de urna.<br \/>\nPero aunque es verdad que Marbella sufre las consecuencias de quince a\u00f1os de un saqueo sistem\u00e1tico que no encuentra analog\u00eda posible en otra instituci\u00f3n, no es menos cierto que son pocos los consistorios de Espa\u00f1a que no est\u00e1n lastrados por plantillas infladas por un enchufismo end\u00e9mico, por deudas acumuladas durante a\u00f1os de administraci\u00f3n irresponsable, cuando no delictiva, y por una financiaci\u00f3n insuficiente que apenas pudo disimularse durante los a\u00f1os pr\u00f3speros.<br \/>\nPor eso, a\u00fan est\u00e1 por ver que el Gobierno que surja el 20-N sea capaz de arbitrar una f\u00f3rmula que pueda aplicarse en Marbella sin que desde otros ayuntamientos arruinados se agite la bandera del agravio comparativo.<\/p>\n","protected":false},"excerpt":{"rendered":"<p>Los presupuestos municipales presentados por el equipo de gobierno para el a\u00f1o pr\u00f3ximo ponen cifras a la tragedia econ\u00f3mica que vive el Ayuntamiento de Marbella, que aunque se inscribe en el marco de la tragedia general tiene caracter\u00edsticas propias que la hacen a\u00fan m\u00e1s profunda.\u00a0 Da igual c\u00f3mo se presenten las cifras ni cu\u00e1ntas capas [&hellip;]<\/p>\n","protected":false},"author":37,"featured_media":0,"comment_status":"open","ping_status":"closed","sticky":false,"template":"","format":"standard","meta":[],"categories":[3],"tags":[],"_links":{"self":[{"href":"https:\/\/blogs.diariosur.es\/blogmalayo\/wp-json\/wp\/v2\/posts\/247"}],"collection":[{"href":"https:\/\/blogs.diariosur.es\/blogmalayo\/wp-json\/wp\/v2\/posts"}],"about":[{"href":"https:\/\/blogs.diariosur.es\/blogmalayo\/wp-json\/wp\/v2\/types\/post"}],"author":[{"embeddable":true,"href":"https:\/\/blogs.diariosur.es\/blogmalayo\/wp-json\/wp\/v2\/users\/37"}],"replies":[{"embeddable":true,"href":"https:\/\/blogs.diariosur.es\/blogmalayo\/wp-json\/wp\/v2\/comments?post=247"}],"version-history":[{"count":0,"href":"https:\/\/blogs.diariosur.es\/blogmalayo\/wp-json\/wp\/v2\/posts\/247\/revisions"}],"wp:attachment":[{"href":"https:\/\/blogs.diariosur.es\/blogmalayo\/wp-json\/wp\/v2\/media?parent=247"}],"wp:term":[{"taxonomy":"category","embeddable":true,"href":"https:\/\/blogs.diariosur.es\/blogmalayo\/wp-json\/wp\/v2\/categories?post=247"},{"taxonomy":"post_tag","embeddable":true,"href":"https:\/\/blogs.diariosur.es\/blogmalayo\/wp-json\/wp\/v2\/tags?post=247"}],"curies":[{"name":"wp","href":"https:\/\/api.w.org\/{rel}","templated":true}]}}