{"id":248,"date":"2011-11-09T12:43:48","date_gmt":"2011-11-09T11:43:48","guid":{"rendered":"http:\/\/blogs.diariosur.es\/blogmalayo\/?p=248"},"modified":"2011-11-09T12:43:48","modified_gmt":"2011-11-09T11:43:48","slug":"roca-cuesta-abajo","status":"publish","type":"post","link":"https:\/\/blogs.diariosur.es\/blogmalayo\/2011\/11\/09\/roca-cuesta-abajo\/","title":{"rendered":"Roca, cuesta abajo"},"content":{"rendered":"<p>Antes de que se iniciara el juicio del \u2018caso Malaya\u2019 hubo voces que vaticinaban que muy pocas de las acusaciones formuladas por el fiscal podr\u00edan ser probadas, que llegado el momento del derecho procesal la instrucci\u00f3n del juez Torres se vendr\u00eda abajo, que se desnudar\u00edan todas las debilidades de la investigaci\u00f3n policial. Hubo quien lo auguraba con pesar, pero tambi\u00e9n quien lo hac\u00eda con c\u00ednica sonrisa en la boca.<\/p>\n<p>Roca comenz\u00f3 por negarlo todo, pero como seguramente no existe argucia legal que permita negar la evidencia, con el correr de las jornadas su estrategia de defensa ha ido derivando en reconocer delitos a medida que el juicio avanzaba y las pruebas y testimonios ca\u00edan con fuerza irrefutable. Primero reconoci\u00f3 delitos ya prescritos, despu\u00e9s infracciones fiscales menores, y esta semana, con explicaciones que podr\u00edan ser desternillantes si no estuvi\u00e9ramos hablando de una tragedia institucional, que cobr\u00f3 de empresarios y pag\u00f3 a concejales. El n\u00facleo de lo que pas\u00f3 en Marbella durante muchos a\u00f1os ha quedado expuesto ante el tribunal y por boca del principal acusado. El juicio marcha sobre ruedas. Y para Roca, cuesta abajo.<\/p>\n","protected":false},"excerpt":{"rendered":"<p>Antes de que se iniciara el juicio del \u2018caso Malaya\u2019 hubo voces que vaticinaban que muy pocas de las acusaciones formuladas por el fiscal podr\u00edan ser probadas, que llegado el momento del derecho procesal la instrucci\u00f3n del juez Torres se vendr\u00eda abajo, que se desnudar\u00edan todas las debilidades de la investigaci\u00f3n policial. Hubo quien lo [&hellip;]<\/p>\n","protected":false},"author":37,"featured_media":0,"comment_status":"open","ping_status":"closed","sticky":false,"template":"","format":"standard","meta":[],"categories":[3],"tags":[],"_links":{"self":[{"href":"https:\/\/blogs.diariosur.es\/blogmalayo\/wp-json\/wp\/v2\/posts\/248"}],"collection":[{"href":"https:\/\/blogs.diariosur.es\/blogmalayo\/wp-json\/wp\/v2\/posts"}],"about":[{"href":"https:\/\/blogs.diariosur.es\/blogmalayo\/wp-json\/wp\/v2\/types\/post"}],"author":[{"embeddable":true,"href":"https:\/\/blogs.diariosur.es\/blogmalayo\/wp-json\/wp\/v2\/users\/37"}],"replies":[{"embeddable":true,"href":"https:\/\/blogs.diariosur.es\/blogmalayo\/wp-json\/wp\/v2\/comments?post=248"}],"version-history":[{"count":0,"href":"https:\/\/blogs.diariosur.es\/blogmalayo\/wp-json\/wp\/v2\/posts\/248\/revisions"}],"wp:attachment":[{"href":"https:\/\/blogs.diariosur.es\/blogmalayo\/wp-json\/wp\/v2\/media?parent=248"}],"wp:term":[{"taxonomy":"category","embeddable":true,"href":"https:\/\/blogs.diariosur.es\/blogmalayo\/wp-json\/wp\/v2\/categories?post=248"},{"taxonomy":"post_tag","embeddable":true,"href":"https:\/\/blogs.diariosur.es\/blogmalayo\/wp-json\/wp\/v2\/tags?post=248"}],"curies":[{"name":"wp","href":"https:\/\/api.w.org\/{rel}","templated":true}]}}