{"id":250,"date":"2011-12-15T13:02:33","date_gmt":"2011-12-15T12:02:33","guid":{"rendered":"http:\/\/blogs.diariosur.es\/blogmalayo\/?p=250"},"modified":"2011-12-15T13:02:33","modified_gmt":"2011-12-15T12:02:33","slug":"la-junta-iza-la-bandera-blanca-en-ricardo-soriano","status":"publish","type":"post","link":"https:\/\/blogs.diariosur.es\/blogmalayo\/2011\/12\/15\/la-junta-iza-la-bandera-blanca-en-ricardo-soriano\/","title":{"rendered":"La Junta iza la bandera blanca en Ricardo Soriano"},"content":{"rendered":"<p>Cuando en junio de 2006 la Junta de Andaluc\u00eda se hizo con las competencias urban\u00edsticas de Marbella, una de las primeras iniciativas que adopt\u00f3 fue el cambio de la disposici\u00f3n interna de las dependencias municipales de la avenida Ricardo Soriano que hasta pocos meses atr\u00e1s hab\u00eda sido el cuartel general de Juan Antonio Roca. Se modific\u00f3 la ubicaci\u00f3n de tabiques m\u00f3viles, se cambi\u00f3 la disposici\u00f3n de los despachos y se colocaron banderas que le dieron a las dependencias un tono institucional del que hasta entonces hab\u00eda carecido, convertido, como hab\u00eda estado, en un mercado de influencias mercantiles e intereses privados.<br \/>\nEstaba claro entonces que la Junta (y el PSOE) quer\u00eda transmitir el mensaje de que todo hab\u00eda cambiado en Marbella. Que un socialista ostentara la presidencia de la gestora le permit\u00eda que se pudiera visualizar que el cambio hab\u00eda llegado de su mano. Durante los 14 meses en los que la direcci\u00f3n pol\u00edtica del Ayuntamiento estuvo en sus manos, los socialistas albergaron la esperanza de capitalizar en las urnas el nuevo clima creado en la ciudad con la desaparici\u00f3n del gilismo, pero la falta de trabajo en los barrios, la presentaci\u00f3n de un aspirante que no mostr\u00f3 el m\u00e1s m\u00ednimo inter\u00e9s por el encargo de su partido y una candidatura rival que reun\u00eda m\u00e1s m\u00e9ritos barri\u00f3 esa expectativa. Marbella se sum\u00f3 con una d\u00e9cada de retraso a la tendencia que ya se hab\u00eda instalado en el resto de la Costa del Sol y se convirti\u00f3 en un territorio bajo la hegemon\u00eda pol\u00edtica del Partido Popular.<br \/>\nCon los \u00faltimos resultados electorales en la mano, con el PP afianzado y el PSOE luchando por no bajar del 30 por ciento de respaldo electoral, no deja de llamar la atenci\u00f3n que \u00e9sta sea una plaza que hace apenas cinco a\u00f1os los socialistas aspiraran a disputar. Es evidente que el discurso impulsado desde el Ayuntamiento durante el primer mandato de \u00c1ngeles Mu\u00f1oz, que situaba a la Junta de Andaluc\u00eda en el centro de todos los males que sufre la ciudad, acab\u00f3 por imponerse en la conciencia colectiva de la ciudad. Ello no deber\u00eda llamar la atenci\u00f3n. Primero, porque no se trata de un discurso nuevo, ya que los anteriores gestores lo utilizaron durante quince a\u00f1os, y segundo, porque tiene una base s\u00f3lida en la que asentarse: ah\u00ed est\u00e1n los centros de salud hacinados, las obras del hospital paralizadas sin explicaci\u00f3n o los nuevos colegios que no se construyen. Lo que s\u00ed llama la atenci\u00f3n es que los socialistas no hayan hecho nada por combatir ese discurso, que hayan abandonado toda expectativa de volver a tener peso pol\u00edtico en Marbella, que no hayan intentado sacar el m\u00e1s m\u00ednimo r\u00e9dito pol\u00edtico a actuaciones como la inauguraci\u00f3n del Andaluc\u00eda Lab o la adjudicaci\u00f3n de las obras de ampliaci\u00f3n de La Bajadilla, por lejos la mejor noticia que ha recibido la ciudad en el \u00faltimo lustro.<br \/>\nEl m\u00e1s reciente y mejor ejemplo de que han tirado la toalla, de que no tienen pol\u00edtica para Marbella, se ha visto, precisamente, en el destino que se le dar\u00e1 al edificio acristalado de la avenida Ricardo Soriano donde todav\u00eda funciona la sede de Urbanismo y que ha sido cedido por el Ayuntamiento a la Junta a cambio de una quita de cinco millones de euros en la deuda que la administraci\u00f3n municipal mantiene con la auton\u00f3mica.<br \/>\nCualquiera con un proyecto para esta ciudad, o al menos con un m\u00ednimo sentido de la oportunidad pol\u00edtica, hubiese visto en esta situaci\u00f3n una oportunidad para liderar alguna iniciativa en Marbella. No solo porque se trata de un edificio con una fuerte carga simb\u00f3lica \u2013adquirido por el ayuntamiento de Gil en una operaci\u00f3n fraudulenta, convertido despu\u00e9s en la guarida desde la que se perpetr\u00f3 el saqueo de Marbella y recuperado para la ciudad cuando los usurpadores fueron a la c\u00e1rcel\u2013, sino tambi\u00e9n por sus condiciones objetivas, ya que es un edificio situado en pleno centro y con una extensa fachada sobre la principal avenida de la ciudad.<br \/>\nNecesitada como est\u00e1 Marbella de equipamientos p\u00fablicos y con la administraci\u00f3n deudora de muchos de esos equipamientos haci\u00e9ndose con un inmueble de esas caracter\u00edsticas, la l\u00f3gica invitaba a pensar que se aprovechar\u00eda la oportunidad para crear un nuevo centro de salud, un centro educativo, una biblioteca, o que se lo enajenar\u00eda para afrontar alguna de las actuaciones pendientes&#8230; algo. Lejos de eso, la Junta ha optado por sacar de tapadillo la subasta del inmueble e informar, a rega\u00f1adientes y tras insistentes requerimientos, que los fondos resultantes contribuir\u00e1n a obtener liquidez.<br \/>\nAbandono o rendici\u00f3n, si alguien ten\u00eda alguna duda de que el PSOE da por perdida la plaza de Marbella, en el edificio de la avenida Ricardo Soriano tiene una respuesta.<\/p>\n","protected":false},"excerpt":{"rendered":"<p>Cuando en junio de 2006 la Junta de Andaluc\u00eda se hizo con las competencias urban\u00edsticas de Marbella, una de las primeras iniciativas que adopt\u00f3 fue el cambio de la disposici\u00f3n interna de las dependencias municipales de la avenida Ricardo Soriano que hasta pocos meses atr\u00e1s hab\u00eda sido el cuartel general de Juan Antonio Roca. Se [&hellip;]<\/p>\n","protected":false},"author":37,"featured_media":0,"comment_status":"open","ping_status":"closed","sticky":false,"template":"","format":"standard","meta":[],"categories":[3],"tags":[],"_links":{"self":[{"href":"https:\/\/blogs.diariosur.es\/blogmalayo\/wp-json\/wp\/v2\/posts\/250"}],"collection":[{"href":"https:\/\/blogs.diariosur.es\/blogmalayo\/wp-json\/wp\/v2\/posts"}],"about":[{"href":"https:\/\/blogs.diariosur.es\/blogmalayo\/wp-json\/wp\/v2\/types\/post"}],"author":[{"embeddable":true,"href":"https:\/\/blogs.diariosur.es\/blogmalayo\/wp-json\/wp\/v2\/users\/37"}],"replies":[{"embeddable":true,"href":"https:\/\/blogs.diariosur.es\/blogmalayo\/wp-json\/wp\/v2\/comments?post=250"}],"version-history":[{"count":0,"href":"https:\/\/blogs.diariosur.es\/blogmalayo\/wp-json\/wp\/v2\/posts\/250\/revisions"}],"wp:attachment":[{"href":"https:\/\/blogs.diariosur.es\/blogmalayo\/wp-json\/wp\/v2\/media?parent=250"}],"wp:term":[{"taxonomy":"category","embeddable":true,"href":"https:\/\/blogs.diariosur.es\/blogmalayo\/wp-json\/wp\/v2\/categories?post=250"},{"taxonomy":"post_tag","embeddable":true,"href":"https:\/\/blogs.diariosur.es\/blogmalayo\/wp-json\/wp\/v2\/tags?post=250"}],"curies":[{"name":"wp","href":"https:\/\/api.w.org\/{rel}","templated":true}]}}