{"id":253,"date":"2011-12-22T19:39:56","date_gmt":"2011-12-22T18:39:56","guid":{"rendered":"http:\/\/blogs.diariosur.es\/blogmalayo\/?p=253"},"modified":"2011-12-22T19:39:56","modified_gmt":"2011-12-22T18:39:56","slug":"el-saqueo-negro-sobre-blanco","status":"publish","type":"post","link":"https:\/\/blogs.diariosur.es\/blogmalayo\/2011\/12\/22\/el-saqueo-negro-sobre-blanco\/","title":{"rendered":"El saqueo, negro sobre blanco"},"content":{"rendered":"<p>Al margen de lo que los peri\u00f3dicos han ido informando durante todos estos a\u00f1os y lo que los historiadores cuenten en el futuro, el relato de los a\u00f1os oscuros del saqueo de Marbella lo est\u00e1n haciendo los jueces. Negro sobre blanco y en sentencias que no admiten dudas dejan para la historia lo que ya se intu\u00eda aunque muchos no quisieran verlo mientras suced\u00eda: el Ayuntamiento de Marbella fue al mismo tiempo escenario y v\u00edctima de un saqueo concertado, premeditado y ejecutado con la impunidad que otorgaba la confianza otorgada por los ciudadanos. \u00abDe una forma que puede calificarse de sistem\u00e1tica \u2013dice la sentencia del\u00a0 \u2018caso Minutas\u2019\u2013\u00a0 descapitalizaron en su propio inter\u00e9s el Ayuntamiento de Marbella\u00bb.<br \/>\nNo es la primera sentencia, ni ser\u00e1 la \u00faltima. Por eso, estar\u00eda bien que a la vista de lo que se va sabiendo la conciencia colectiva de este pa\u00eds dejara de criminalizar a la ciudad para situarla en el lugar de v\u00edctima en la que los jueces no dudan en ponerla. Y tambi\u00e9n estar\u00eda bien que lo sucedido sirviera como anuncio para otros cargos p\u00fablicos que se vieran tentados de aprovecharse de su situaci\u00f3n. La sentencia advierte con claridad qu\u00e9 pasa cuando desde las instituciones se intenta escapar a los controles que distinguen una instituci\u00f3n p\u00fablica de un cortijo privado. \u00abLa hu\u00edda del Derecho Administrativo ha terminado en este caso en el Derecho Penal\u00bb. Y los perpetradores, con un pie en la c\u00e1rcel.<\/p>\n","protected":false},"excerpt":{"rendered":"<p>Al margen de lo que los peri\u00f3dicos han ido informando durante todos estos a\u00f1os y lo que los historiadores cuenten en el futuro, el relato de los a\u00f1os oscuros del saqueo de Marbella lo est\u00e1n haciendo los jueces. Negro sobre blanco y en sentencias que no admiten dudas dejan para la historia lo que ya [&hellip;]<\/p>\n","protected":false},"author":37,"featured_media":0,"comment_status":"open","ping_status":"closed","sticky":false,"template":"","format":"standard","meta":[],"categories":[3],"tags":[],"_links":{"self":[{"href":"https:\/\/blogs.diariosur.es\/blogmalayo\/wp-json\/wp\/v2\/posts\/253"}],"collection":[{"href":"https:\/\/blogs.diariosur.es\/blogmalayo\/wp-json\/wp\/v2\/posts"}],"about":[{"href":"https:\/\/blogs.diariosur.es\/blogmalayo\/wp-json\/wp\/v2\/types\/post"}],"author":[{"embeddable":true,"href":"https:\/\/blogs.diariosur.es\/blogmalayo\/wp-json\/wp\/v2\/users\/37"}],"replies":[{"embeddable":true,"href":"https:\/\/blogs.diariosur.es\/blogmalayo\/wp-json\/wp\/v2\/comments?post=253"}],"version-history":[{"count":0,"href":"https:\/\/blogs.diariosur.es\/blogmalayo\/wp-json\/wp\/v2\/posts\/253\/revisions"}],"wp:attachment":[{"href":"https:\/\/blogs.diariosur.es\/blogmalayo\/wp-json\/wp\/v2\/media?parent=253"}],"wp:term":[{"taxonomy":"category","embeddable":true,"href":"https:\/\/blogs.diariosur.es\/blogmalayo\/wp-json\/wp\/v2\/categories?post=253"},{"taxonomy":"post_tag","embeddable":true,"href":"https:\/\/blogs.diariosur.es\/blogmalayo\/wp-json\/wp\/v2\/tags?post=253"}],"curies":[{"name":"wp","href":"https:\/\/api.w.org\/{rel}","templated":true}]}}