{"id":256,"date":"2011-12-28T13:18:43","date_gmt":"2011-12-28T12:18:43","guid":{"rendered":"http:\/\/blogs.diariosur.es\/blogmalayo\/?p=256"},"modified":"2011-12-28T13:18:43","modified_gmt":"2011-12-28T12:18:43","slug":"mofletes","status":"publish","type":"post","link":"https:\/\/blogs.diariosur.es\/blogmalayo\/2011\/12\/28\/mofletes\/","title":{"rendered":"Mofletes"},"content":{"rendered":"<p>Semanas atr\u00e1s, cuando la opini\u00f3n p\u00fablica a\u00fan conmocionada por las im\u00e1genes que llegaban desde Siria parec\u00eda resistirse a que la barbarie del r\u00e9gimen formara parte del panorama habitual, hubo noticias en Marbella de que se estaba gestando, con el m\u00e1ximo sigilo, una iniciativa de residentes de ese pa\u00eds en la Costa del Sol.<br \/>\nCon precauciones propias de una situaci\u00f3n de clandestinidad, este medio fue convocado por fuentes indirectas a una cita un s\u00e1bado por la ma\u00f1ana, y lo que se encontr\u00f3 fue algo muy diferente a lo que esperaba. No hab\u00eda exiliados \u00e1vidos por pedir apoyo y denunciar los desmanes del s\u00e1trapa, sino partidarios de la dictadura dispuestos a manifestarse en su apoyo.<br \/>\nEran cerca de un centenar y lo que quer\u00edan era ser fotografiados y grabados con sus banderas, sus retratos del tirano y sus carteles de respaldo al r\u00e9gimen. Ellos mismos iban provistos de c\u00e1maras y no result\u00f3 dif\u00edcil imaginar que esa misma noche los informativos oficiales se har\u00edan eco en Damasco de la manifestaci\u00f3n celebrada en Marbella.<br \/>\nToda dictadura tiene una base social en la que apoyarse, por lo general una minor\u00eda que se beneficia de la desventura general. Los manifestantes de Marbella proven\u00edan de un pa\u00eds donde no solo el ansia de libertad puede pagarse con la vida, sino tambi\u00e9n donde la propia vida, m\u00e1s all\u00e1 de los avatares pol\u00edticos, es dif\u00edcil. Sin embargo, su aspecto y su provisi\u00f3n de tecnolog\u00eda, esa ma\u00f1ana en el parque de la Alameda de Marbella, invitaba a confundirlos con turistas catar\u00edes que acababan de bajarse de un yate en Puerto Ban\u00fas. Todo r\u00e9gimen tiene sus privilegiados.<br \/>\nPor eso inquietan tanto las im\u00e1genes que estos d\u00edas llegan desde Corea del Norte, donde una de las autocracias m\u00e1s terror\u00edficas del planeta, posiblemente la m\u00e1s cerrada, opaca e incomprensible, seguramente una de las m\u00e1s inhumanas, acaba de volver a las portadas por la muerte del dictador, hijo del creador de la dinast\u00eda y padre del presunto continuador.<br \/>\nUno ve las masas de personas llorando desconsoladas, hu\u00e9rfanas, ignorantes del mundo, v\u00edctimas seguramente del aislamiento brutal al que han sido sometidas durante toda su vida, y se pregunta qui\u00e9nes pueden ser los privilegiados en esa tiran\u00eda. Si ante la multitud de dolientes robotizados, uniformados, escu\u00e1lidos, fam\u00e9licos, solo el heredero del poder luce sonrosados mofletes.<\/p>\n","protected":false},"excerpt":{"rendered":"<p>Semanas atr\u00e1s, cuando la opini\u00f3n p\u00fablica a\u00fan conmocionada por las im\u00e1genes que llegaban desde Siria parec\u00eda resistirse a que la barbarie del r\u00e9gimen formara parte del panorama habitual, hubo noticias en Marbella de que se estaba gestando, con el m\u00e1ximo sigilo, una iniciativa de residentes de ese pa\u00eds en la Costa del Sol. Con precauciones [&hellip;]<\/p>\n","protected":false},"author":37,"featured_media":0,"comment_status":"open","ping_status":"closed","sticky":false,"template":"","format":"standard","meta":[],"categories":[3],"tags":[],"_links":{"self":[{"href":"https:\/\/blogs.diariosur.es\/blogmalayo\/wp-json\/wp\/v2\/posts\/256"}],"collection":[{"href":"https:\/\/blogs.diariosur.es\/blogmalayo\/wp-json\/wp\/v2\/posts"}],"about":[{"href":"https:\/\/blogs.diariosur.es\/blogmalayo\/wp-json\/wp\/v2\/types\/post"}],"author":[{"embeddable":true,"href":"https:\/\/blogs.diariosur.es\/blogmalayo\/wp-json\/wp\/v2\/users\/37"}],"replies":[{"embeddable":true,"href":"https:\/\/blogs.diariosur.es\/blogmalayo\/wp-json\/wp\/v2\/comments?post=256"}],"version-history":[{"count":0,"href":"https:\/\/blogs.diariosur.es\/blogmalayo\/wp-json\/wp\/v2\/posts\/256\/revisions"}],"wp:attachment":[{"href":"https:\/\/blogs.diariosur.es\/blogmalayo\/wp-json\/wp\/v2\/media?parent=256"}],"wp:term":[{"taxonomy":"category","embeddable":true,"href":"https:\/\/blogs.diariosur.es\/blogmalayo\/wp-json\/wp\/v2\/categories?post=256"},{"taxonomy":"post_tag","embeddable":true,"href":"https:\/\/blogs.diariosur.es\/blogmalayo\/wp-json\/wp\/v2\/tags?post=256"}],"curies":[{"name":"wp","href":"https:\/\/api.w.org\/{rel}","templated":true}]}}