{"id":258,"date":"2012-01-13T08:59:03","date_gmt":"2012-01-13T07:59:03","guid":{"rendered":"http:\/\/blogs.diariosur.es\/blogmalayo\/?p=258"},"modified":"2012-01-13T08:59:03","modified_gmt":"2012-01-13T07:59:03","slug":"grinan-los-alcaldes-del-pp-y-el-sectarismo","status":"publish","type":"post","link":"https:\/\/blogs.diariosur.es\/blogmalayo\/2012\/01\/13\/grinan-los-alcaldes-del-pp-y-el-sectarismo\/","title":{"rendered":"Gri\u00f1\u00e1n, los alcaldes del PP y el sectarismo"},"content":{"rendered":"<div>Para consolarnos hasta podr\u00eda valer la consideraci\u00f3n de que, en su l\u00f3gica, no cab\u00eda esperar otra cosa el d\u00eda en que se oficializ\u00f3 la fecha de la batalla final. Pero si nos acostumbramos a esto sin al menos dejar constancia de que no nos gusta, como ciudadanos estamos perdidos.<\/div>\n<div>El presidente de la Junta, Jos\u00e9 Antonio Gri\u00f1\u00e1n, inaugur\u00f3 el mi\u00e9rcoles en Marbella el centro de innovaci\u00f3n tur\u00edstica Andaluc\u00eda Lab, una iniciativa que pretende ser un instrumento para que la comunidad siga siendo puntera en uno de los pocos sectores en los que puede vanagloriarse de estar a la vanguardia.<\/div>\n<div>All\u00ed estaban, adem\u00e1s del presidente y de dos de sus consejeros, la c\u00fapula empresarial de Andaluc\u00eda encabezada por el secretario general de la CEA, una nutrida representaci\u00f3n sindical, la rectora de la Universidad de M\u00e1laga y muchos de los principales empresarios tur\u00edsticos andaluces. Se encontraban tambi\u00e9n algunos concejales de turismo, pero faltaban todos los alcaldes de la Costa del Sol con la excepci\u00f3n del de Benalm\u00e1dena, \u00fanico mandatario socialista en todo el litoral de la provincia.<\/div>\n<div>Ni la alcaldesa de Marbella, ausente estos d\u00edas de la ciudad, ni los de otros municipios tur\u00edsticos fundamentales para Andaluc\u00eda como Torremolinos o Estepona acudieron a la cita; tampoco la presidenta de la Mancomunidad de Municipios de la Costa del Sol. Ni siquiera estuvo el presidente de la Diputaci\u00f3n Provincial, que lo es tambi\u00e9n del Patronato de Turismo, que a esa misma hora eligi\u00f3 actuar como presidente del PP anunciando un acto de su partido para este fin de semana y dejando muy claro, lo que es de agradecer, cu\u00e1les son sus prioridades.<\/div>\n<div>Cuando Gri\u00f1\u00e1n se jact\u00f3 en el Parlamento andaluz de que a \u00e9l no lo ver\u00edan en Marbella contrajo con esta ciudad una deuda que solo se saldar\u00e1 cuando acuda para pedir disculpas. Los alcaldes del PP en la Costa del Sol tienen motivos m\u00e1s que sobrados para rechazar la pol\u00edtica de la Junta (o la ausencia de ella) hacia el motor econ\u00f3mico de la comunidad, encarnado en el abandono de su compromiso de construir el tren litoral y en la paralizaci\u00f3n de las obras del hospital comarcal.<\/div>\n<div>Pero con su ausencia perdieron gran parte de su autoridad moral para protestar por ello. Han demostrado que en sectarismo la batalla est\u00e1 igualada.<\/div>\n","protected":false},"excerpt":{"rendered":"<p>Para consolarnos hasta podr\u00eda valer la consideraci\u00f3n de que, en su l\u00f3gica, no cab\u00eda esperar otra cosa el d\u00eda en que se oficializ\u00f3 la fecha de la batalla final. Pero si nos acostumbramos a esto sin al menos dejar constancia de que no nos gusta, como ciudadanos estamos perdidos. El presidente de la Junta, Jos\u00e9 [&hellip;]<\/p>\n","protected":false},"author":37,"featured_media":0,"comment_status":"open","ping_status":"closed","sticky":false,"template":"","format":"standard","meta":[],"categories":[3],"tags":[],"_links":{"self":[{"href":"https:\/\/blogs.diariosur.es\/blogmalayo\/wp-json\/wp\/v2\/posts\/258"}],"collection":[{"href":"https:\/\/blogs.diariosur.es\/blogmalayo\/wp-json\/wp\/v2\/posts"}],"about":[{"href":"https:\/\/blogs.diariosur.es\/blogmalayo\/wp-json\/wp\/v2\/types\/post"}],"author":[{"embeddable":true,"href":"https:\/\/blogs.diariosur.es\/blogmalayo\/wp-json\/wp\/v2\/users\/37"}],"replies":[{"embeddable":true,"href":"https:\/\/blogs.diariosur.es\/blogmalayo\/wp-json\/wp\/v2\/comments?post=258"}],"version-history":[{"count":0,"href":"https:\/\/blogs.diariosur.es\/blogmalayo\/wp-json\/wp\/v2\/posts\/258\/revisions"}],"wp:attachment":[{"href":"https:\/\/blogs.diariosur.es\/blogmalayo\/wp-json\/wp\/v2\/media?parent=258"}],"wp:term":[{"taxonomy":"category","embeddable":true,"href":"https:\/\/blogs.diariosur.es\/blogmalayo\/wp-json\/wp\/v2\/categories?post=258"},{"taxonomy":"post_tag","embeddable":true,"href":"https:\/\/blogs.diariosur.es\/blogmalayo\/wp-json\/wp\/v2\/tags?post=258"}],"curies":[{"name":"wp","href":"https:\/\/api.w.org\/{rel}","templated":true}]}}