{"id":263,"date":"2012-01-21T10:46:02","date_gmt":"2012-01-21T09:46:02","guid":{"rendered":"http:\/\/blogs.diariosur.es\/blogmalayo\/?p=263"},"modified":"2012-01-21T10:46:02","modified_gmt":"2012-01-21T09:46:02","slug":"un-fracaso-colectivo","status":"publish","type":"post","link":"https:\/\/blogs.diariosur.es\/blogmalayo\/2012\/01\/21\/un-fracaso-colectivo\/","title":{"rendered":"Un fracaso colectivo"},"content":{"rendered":"<p>La decisi\u00f3n del Ayuntamiento de Marbella de sacar al mercado de alquiler las primeras viviendas sociales construidas en m\u00e1s de 15 a\u00f1os despu\u00e9s de que sus adjudicatarios no pudiesen comprarlas por las restricciones impuestas por los bancos supone un fracaso colectivo.<\/p>\n<p>No solo del propio Ayuntamiento, que no ha podido darle a una inversi\u00f3n el destino con el que fue concebida y que ten\u00eda por objetivo solucionar para varias decenas de familias el problema de la vivienda. Tambi\u00e9n del conjunto de la sociedad, que ha visto una vez m\u00e1s c\u00f3mo la falta de recursos debilita a la instituci\u00f3n municipal y deja sus pol\u00edticas a merced \u00a0del poder econ\u00f3mico y de los bancos.<\/p>\n","protected":false},"excerpt":{"rendered":"<p>La decisi\u00f3n del Ayuntamiento de Marbella de sacar al mercado de alquiler las primeras viviendas sociales construidas en m\u00e1s de 15 a\u00f1os despu\u00e9s de que sus adjudicatarios no pudiesen comprarlas por las restricciones impuestas por los bancos supone un fracaso colectivo. No solo del propio Ayuntamiento, que no ha podido darle a una inversi\u00f3n el [&hellip;]<\/p>\n","protected":false},"author":37,"featured_media":0,"comment_status":"open","ping_status":"closed","sticky":false,"template":"","format":"standard","meta":[],"categories":[3],"tags":[],"_links":{"self":[{"href":"https:\/\/blogs.diariosur.es\/blogmalayo\/wp-json\/wp\/v2\/posts\/263"}],"collection":[{"href":"https:\/\/blogs.diariosur.es\/blogmalayo\/wp-json\/wp\/v2\/posts"}],"about":[{"href":"https:\/\/blogs.diariosur.es\/blogmalayo\/wp-json\/wp\/v2\/types\/post"}],"author":[{"embeddable":true,"href":"https:\/\/blogs.diariosur.es\/blogmalayo\/wp-json\/wp\/v2\/users\/37"}],"replies":[{"embeddable":true,"href":"https:\/\/blogs.diariosur.es\/blogmalayo\/wp-json\/wp\/v2\/comments?post=263"}],"version-history":[{"count":0,"href":"https:\/\/blogs.diariosur.es\/blogmalayo\/wp-json\/wp\/v2\/posts\/263\/revisions"}],"wp:attachment":[{"href":"https:\/\/blogs.diariosur.es\/blogmalayo\/wp-json\/wp\/v2\/media?parent=263"}],"wp:term":[{"taxonomy":"category","embeddable":true,"href":"https:\/\/blogs.diariosur.es\/blogmalayo\/wp-json\/wp\/v2\/categories?post=263"},{"taxonomy":"post_tag","embeddable":true,"href":"https:\/\/blogs.diariosur.es\/blogmalayo\/wp-json\/wp\/v2\/tags?post=263"}],"curies":[{"name":"wp","href":"https:\/\/api.w.org\/{rel}","templated":true}]}}