{"id":271,"date":"2012-02-13T18:52:35","date_gmt":"2012-02-13T17:52:35","guid":{"rendered":"http:\/\/blogs.diariosur.es\/blogmalayo\/?p=271"},"modified":"2012-02-13T18:52:35","modified_gmt":"2012-02-13T17:52:35","slug":"con-amigos-en-los-despachos","status":"publish","type":"post","link":"https:\/\/blogs.diariosur.es\/blogmalayo\/2012\/02\/13\/con-amigos-en-los-despachos\/","title":{"rendered":"Con amigos en los despachos"},"content":{"rendered":"<p>La llegada del PP al Gobierno de Espa\u00f1a y la expectativa, m\u00e1s fundada que en ninguna otra ocasi\u00f3n anterior, de que puede hacerlo tambi\u00e9n en Andaluc\u00eda han provocado un cambio de estrategia en lo que podr\u00edamos llamar la pol\u00edtica del gobierno municipal de Marbella en su relaci\u00f3n con otras instituciones. La expresi\u00f3n m\u00e1s evidente se vio esta semana con el regreso de la iluminaci\u00f3n en la autov\u00eda despu\u00e9s de algo m\u00e1s de dos meses de apag\u00f3n, pero no es \u00e9sa la m\u00e1s importante.<br \/>\nTras haber conseguido la semana pasada que el asunto de la deuda de Marbella fuera incluida en la agenda del Congreso de los Diputados, la alcaldesa se reuni\u00f3 este martes con el director de carreteras del Ministerio de Fomento y se trajo algo que nunca hab\u00eda conseguido del Gobierno anterior: informaci\u00f3n acerca de c\u00f3mo van las obras del soterramiento. Es cierto que no son noticias halag\u00fce\u00f1as, ya que la \u00faltima novedad es que la aparici\u00f3n de unas filtraciones en el t\u00fanel ha dado por tierra con la expectativa de que la obra estuviese acabada antes de Semana Santa. Pero al menos el Ayuntamiento ya cuenta con informaci\u00f3n de primera mano y puede hacer sus planes y previsiones para, al menos, atenuar las consecuencias de este nuevo contratiempo. Eso ya es mucho m\u00e1s de lo que se pudo conseguir con los cinco a\u00f1os de opacidad que ha caracterizado a esta obra desde sus inicios, y especialmente a partir del momento en que Jos\u00e9 Blanco, tijera en mano, se hizo cargo del Ministerio de Fomento.<br \/>\nPara escenificar esta nueva pol\u00edtica, con la que \u00c1ngeles Mu\u00f1oz quiere convencer a los vecinos de Marbella de que con el PP en todas las instituciones la ciudad saldr\u00e1 beneficiada, la alcaldesa se reuni\u00f3 tambi\u00e9n esta semana con el subdelegado del Gobierno para poner sobre la mesa y buscar soluciones a todos los asuntos pendientes que Marbella mantiene con la Administraci\u00f3n central: la deuda con Hacienda y Seguridad Social, las obras del soterramiento, el nuevo destacamento de la Guardia Civil, el desbloqueo de la situaci\u00f3n del Hotel Escuela Bellamar o el traslado de las oficinas de la Seguridad Social.<br \/>\nPu\u00f1alada<br \/>\nDe momento, la estrategia de \u00c1ngeles Mu\u00f1oz marcha sobre ruedas y augura resultados tangibles para la ciudad, y por eso tienen que haber sentado como una pu\u00f1alada traicionera las declaraciones del l\u00edder del PP en el Pa\u00eds Vasco, Antonio Basagoiti, un dirigente habitualmente l\u00facido y ponderado, que esta semana no ha tenido mejor ocurrencia que espetarle a su par del PNV: \u00abUrkullu deber\u00eda preocuparse m\u00e1s porque no asocien a Euskadi con Marbella\u00bb.<br \/>\nEl caso es que el Pa\u00eds Vasco y Marbella mantienen desde a\u00f1os, afortunadamente, una \u00edntima asociaci\u00f3n. No solo porque miles de ciudadanos vascos eligen Marbella para pasar el verano o porque entre ellos figuren personajes tan relevantes de la pol\u00edtica vasca como el exlehendakari nacionalista Jos\u00e9 Antonio Ardanza, el europarlamentario popular Jaime Mayor Oreja o la exministra socialista Cristina Garmendia. Tambi\u00e9n porque no fueron pocos los empresarios de Euskadi que\u00a0 cuando el azote del terrorismo los oblig\u00f3 a dejar atr\u00e1s su tierra, su negocio y sus afectos encontraron en Marbella refugio, negocio y afectos.<br \/>\nPero como repetir t\u00f3picos siempre requiere menos esfuerzo que informarse antes de hablar, Basagoiti no se refer\u00eda a nada de esto, sino, otra vez m\u00e1s, a un caso de corrupci\u00f3n. En este caso, un presunto fraude en la informatizaci\u00f3n de la Administraci\u00f3n de Justicia acaecido durante el \u00faltimo gobierno del PNV.<br \/>\n\u00abHay que llegar hasta el final para que no asocien a Euskadi con el Ayuntamiento de Marbella\u00bb, ha dicho Basagoiti, asociando \u00e9l mismo, al mejor estilo Telecinco, al Ayuntamiento de Marbella con la desverg\u00fcenza, el choriceo y la indecencia, e ignorando por decisi\u00f3n propia que la indecencia abandon\u00f3 el Ayuntamiento de Marbella el 29 de marzo de 2006, esposado y escoltado por la polic\u00eda. Algo que por cierto, vendr\u00eda bien que sucediera en otras administraciones p\u00fablicas de colores diversos donde la impunidad todav\u00eda sigue campando a sus anchas.<br \/>\nLejos de la tentaci\u00f3n rencorosa de reconocer que con amigos as\u00ed nadie necesita enemigos, \u00c1ngeles Mu\u00f1oz har\u00eda bien, si es necesario con cargo a los recursos municipales de promoci\u00f3n tur\u00edstica, en invitar a su compa\u00f1ero del Pa\u00eds Vasco a pasar unos d\u00edas entre nosotros. Al menos para hacerle el favor de impedir que siga repitiendo estupideces.<\/p>\n","protected":false},"excerpt":{"rendered":"<p>La llegada del PP al Gobierno de Espa\u00f1a y la expectativa, m\u00e1s fundada que en ninguna otra ocasi\u00f3n anterior, de que puede hacerlo tambi\u00e9n en Andaluc\u00eda han provocado un cambio de estrategia en lo que podr\u00edamos llamar la pol\u00edtica del gobierno municipal de Marbella en su relaci\u00f3n con otras instituciones. La expresi\u00f3n m\u00e1s evidente se [&hellip;]<\/p>\n","protected":false},"author":37,"featured_media":0,"comment_status":"open","ping_status":"closed","sticky":false,"template":"","format":"standard","meta":[],"categories":[3],"tags":[],"_links":{"self":[{"href":"https:\/\/blogs.diariosur.es\/blogmalayo\/wp-json\/wp\/v2\/posts\/271"}],"collection":[{"href":"https:\/\/blogs.diariosur.es\/blogmalayo\/wp-json\/wp\/v2\/posts"}],"about":[{"href":"https:\/\/blogs.diariosur.es\/blogmalayo\/wp-json\/wp\/v2\/types\/post"}],"author":[{"embeddable":true,"href":"https:\/\/blogs.diariosur.es\/blogmalayo\/wp-json\/wp\/v2\/users\/37"}],"replies":[{"embeddable":true,"href":"https:\/\/blogs.diariosur.es\/blogmalayo\/wp-json\/wp\/v2\/comments?post=271"}],"version-history":[{"count":0,"href":"https:\/\/blogs.diariosur.es\/blogmalayo\/wp-json\/wp\/v2\/posts\/271\/revisions"}],"wp:attachment":[{"href":"https:\/\/blogs.diariosur.es\/blogmalayo\/wp-json\/wp\/v2\/media?parent=271"}],"wp:term":[{"taxonomy":"category","embeddable":true,"href":"https:\/\/blogs.diariosur.es\/blogmalayo\/wp-json\/wp\/v2\/categories?post=271"},{"taxonomy":"post_tag","embeddable":true,"href":"https:\/\/blogs.diariosur.es\/blogmalayo\/wp-json\/wp\/v2\/tags?post=271"}],"curies":[{"name":"wp","href":"https:\/\/api.w.org\/{rel}","templated":true}]}}