{"id":275,"date":"2012-02-29T10:12:12","date_gmt":"2012-02-29T09:12:12","guid":{"rendered":"http:\/\/blogs.diariosur.es\/blogmalayo\/?p=275"},"modified":"2012-02-29T10:12:12","modified_gmt":"2012-02-29T09:12:12","slug":"si-carino-pero","status":"publish","type":"post","link":"https:\/\/blogs.diariosur.es\/blogmalayo\/2012\/02\/29\/si-carino-pero\/","title":{"rendered":"Si cari\u00f1o, pero&#8230;"},"content":{"rendered":"<p>Seguramente no sea porque avergonzarnos a todos desde el sill\u00f3n de la Alcald\u00eda le pareci\u00f3 insuficiente y ahora intente continuar desde el banquillo de los acusados, sino porque no sabe expresarse de otra manera. Pero el espect\u00e1culo con el que Marisol Yag\u00fce nos obsequi\u00f3 esta semana durante su declaraci\u00f3n en el juicio por el \u2018caso Malaya\u2019, y especialmente con el careo que mantuvo con Juan Antonio Roca, tardar\u00e1 en borrarse de nuestra memoria. Quienes prefieren olvidar que esta mujer fue hasta hace apenas seis a\u00f1os alcaldesa de Marbella tambi\u00e9n tuvieron su dosis de bochorno. Oportuna, para no perder la memoria.<br \/>\nNo tanto por ese alegato victimista en el que se vino arriba arremetiendo contra la operaci\u00f3n policial y judicial que acab\u00f3 con su carrera pol\u00edtica y simult\u00e1neamente con 15 a\u00f1os de indecencia en el Ayuntamiento de Marbella, sino, sobre todo, por el di\u00e1logo cargado de expresiones de afecto que mantuvo con Juan Antonio Roca en el que, sin embargo, uno explicaba que la hab\u00eda sobornado y la otra negaba haber recibido dinero.<br \/>\n-No puedo estar de acuerdo en el sentido de que diga Marisol que yo no le he entregado nunca dinero, porque en eso lo mantengo aqu\u00ed. Lamento profundamente, cari\u00f1o, disentir contigo, porque sabes que te tengo mucho cari\u00f1o&#8230;<br \/>\n\u2013Y yo te defiendo, pero&#8230;<br \/>\n\u2013Es cierto que siguiendo instrucciones de Jes\u00fas Gil yo entregu\u00e9 a Marisol Yag\u00fce, a Isabel Garc\u00eda Marcos y a Carlos Fern\u00e1ndez una serie de cantidades que ven\u00edan acordadas por Jes\u00fas Gil con Carlos Fern\u00e1ndez para que no abandonaran el equipo de gobierno y no se quedaran en minor\u00eda (&#8230;)<br \/>\n\u2013 Yo le digo a usted que no \u00bfYo te he pedido alguna vez dinero, Juan Antonio, para algo? \u00bfTe he pedido dinero, hijo?<br \/>\n\u2013 T\u00fa me has pedido dinero para lo del m\u00e9dico, y para lo del piso que efectivamente no te lo di. Y tengo que decir que es cierto, Marisol, que t\u00fa no me has pedido a m\u00ed dinero. Pero yo tengo que decir que aunque t\u00fa no me hayas pedido, yo te he dado por indicaciones de Jes\u00fas Gil.<br \/>\nAlg\u00fan distra\u00eddo podr\u00eda suponer, por esas expresiones cari\u00f1osas y por el lenguaje corporal que demostraba una antigua confianza, que la vieja complicidad ha sobrevivido hasta el juicio, pero en realidad lo que se vio fueron versiones antag\u00f3nicas ante el tribunal que deber\u00e1 decidir si env\u00eda a ambos, o a uno de ellos, durante largos a\u00f1os a la c\u00e1rcel. Versiones que se desprenden de estrategias de defensa enfrentadas que consisten en intentar salvarse a costa del antiguo c\u00f3mplice. En realidad, lo que quisieron decir no es muy diferente de esto:<br \/>\n\u2013 Yo te soborn\u00e9, cari\u00f1o. Y si confieso puede ser que el tribunal se apiade de m\u00ed.<br \/>\n\u2013 La principal prueba que tienen contra m\u00ed, hijo m\u00edo, es tu contabilidad. H\u00fandete t\u00fa solito y no me lleves contigo, aunque est\u00e9s desesperado y hayas pactado con el fiscal para reducir tu pena a cambio de involucrarnos a nosotros.<br \/>\nDetr\u00e1s de las palabras<br \/>\nY es que a veces hay que ver qu\u00e9 hay detr\u00e1s de las palabras antes de emitir una opini\u00f3n sobre lo que se ha o\u00eddo.<br \/>\nPor ejemplo, hace apenas unos d\u00edas se escuch\u00f3 con satisfacci\u00f3n que desde el Ministerio de Fomento se modificaba la propuesta del anterior gobierno y se ped\u00eda a Europa prioridad para el tren litoral dentro de los trazados ferroviarios que se financiar\u00e1n con ayudas comunitarias. Pero eso s\u00ed, sin plazos concretos y, sobre todo, sin presupuesto del Gobierno. Algo as\u00ed como<br \/>\n\u2013 Vale, cari\u00f1o. Yo dibujo en el mapa el trazado que tu quieras, pero no me pidas que te diga cu\u00e1ndo vamos a empezar las obras. Y sobre todo, no me pidas dinero.<br \/>\nAlgo parecido al amor eterno que los gobiernos socialistas juraron al tren litoral durante 12 largos a\u00f1os, aunque se hayan ido unos y otros est\u00e9n a punto de hacerlo sin jam\u00e1s haber consumado ese amor.<br \/>\nUn sentimiento similar al que el Partido Popular ha mostrado siempre hacia los empresarios del sector tur\u00edstico, y de ah\u00ed esa promesa de formalizar el cari\u00f1o con una bajada del IVA a los productos tur\u00edsticos, promesa con la que ha venido adornando los o\u00eddos de los empresarios durante sus ocho a\u00f1os en la oposici\u00f3n.<br \/>\nAhora ha llegado la hora de formalizar ante el altar del Ministerio de Hacienda, pero esta semana el titular de Industria, Jos\u00e9 Manuel Soria, se mostr\u00f3 remol\u00f3n en su visita a la Costa del Sol.<br \/>\n-Es verdad que el PP hab\u00eda planteado la reducci\u00f3n del IVA pero no lo hemos hecho porque en este contexto es fiscalmente imposible. Te amo, cari\u00f1o m\u00edo, pero tendr\u00e1s que seguir esperando. Aunque s\u00e9 que es ahora cuando m\u00e1s me necesitas.<br \/>\nTambi\u00e9n Javier Arenas viene expresando ese mismo cari\u00f1o desde hace tiempo. Y como muestra de ese amor formul\u00f3 a\u00f1os atr\u00e1s su promesa de que el d\u00eda que llegara a ser presidente andaluz la Consejer\u00eda de Turismo se instalar\u00eda con armas y bagajes en la Costa del Sol. Hace unos d\u00edas, con la victoria electoral al alcance de la mano, matiz\u00f3 la propuesta \u2013\u00a1ay de aquellos malpensados que creen que Javier es de esos a quienes les asusta el compromiso!\u2013 pero ayer volvi\u00f3 para formalizar su propuesta. Su promesa de amor eterno.<\/p>\n","protected":false},"excerpt":{"rendered":"<p>Seguramente no sea porque avergonzarnos a todos desde el sill\u00f3n de la Alcald\u00eda le pareci\u00f3 insuficiente y ahora intente continuar desde el banquillo de los acusados, sino porque no sabe expresarse de otra manera. Pero el espect\u00e1culo con el que Marisol Yag\u00fce nos obsequi\u00f3 esta semana durante su declaraci\u00f3n en el juicio por el \u2018caso [&hellip;]<\/p>\n","protected":false},"author":37,"featured_media":0,"comment_status":"open","ping_status":"closed","sticky":false,"template":"","format":"standard","meta":[],"categories":[3],"tags":[],"_links":{"self":[{"href":"https:\/\/blogs.diariosur.es\/blogmalayo\/wp-json\/wp\/v2\/posts\/275"}],"collection":[{"href":"https:\/\/blogs.diariosur.es\/blogmalayo\/wp-json\/wp\/v2\/posts"}],"about":[{"href":"https:\/\/blogs.diariosur.es\/blogmalayo\/wp-json\/wp\/v2\/types\/post"}],"author":[{"embeddable":true,"href":"https:\/\/blogs.diariosur.es\/blogmalayo\/wp-json\/wp\/v2\/users\/37"}],"replies":[{"embeddable":true,"href":"https:\/\/blogs.diariosur.es\/blogmalayo\/wp-json\/wp\/v2\/comments?post=275"}],"version-history":[{"count":0,"href":"https:\/\/blogs.diariosur.es\/blogmalayo\/wp-json\/wp\/v2\/posts\/275\/revisions"}],"wp:attachment":[{"href":"https:\/\/blogs.diariosur.es\/blogmalayo\/wp-json\/wp\/v2\/media?parent=275"}],"wp:term":[{"taxonomy":"category","embeddable":true,"href":"https:\/\/blogs.diariosur.es\/blogmalayo\/wp-json\/wp\/v2\/categories?post=275"},{"taxonomy":"post_tag","embeddable":true,"href":"https:\/\/blogs.diariosur.es\/blogmalayo\/wp-json\/wp\/v2\/tags?post=275"}],"curies":[{"name":"wp","href":"https:\/\/api.w.org\/{rel}","templated":true}]}}