{"id":278,"date":"2012-03-02T13:30:57","date_gmt":"2012-03-02T12:30:57","guid":{"rendered":"http:\/\/blogs.diariosur.es\/blogmalayo\/?p=278"},"modified":"2012-03-02T13:30:57","modified_gmt":"2012-03-02T12:30:57","slug":"duque-de-marbella","status":"publish","type":"post","link":"https:\/\/blogs.diariosur.es\/blogmalayo\/2012\/03\/02\/duque-de-marbella\/","title":{"rendered":"Duque de Marbella"},"content":{"rendered":"<p>De todos los episodios que mostraron\u00a0 hasta d\u00f3nde hab\u00eda ca\u00eddo la imagen de Marbella en los \u00faltimos a\u00f1os hay dos que supusieron heridas sangrantes para los vecinos de la ciudad. Uno fue cuando el entonces presidente balear Jaume Matas se permiti\u00f3 acudir a la ciudad en el marco de una campa\u00f1a pol\u00edtica para dar lecciones de moralidad, aleccionar a los marbell\u00edes sobre qu\u00e9 ten\u00edan que hacer para mejorar la consideraci\u00f3n de su ciudad en la opini\u00f3n p\u00fablica y, faltar\u00eda m\u00e1s, poner a Mallorca como ejemplo de buen hacer en todos esos apartados.<br \/>\nLa segunda fue m\u00e1s reciente, en el verano de 2010, cuando Michelle Obama eligi\u00f3 el entorno de Marbella para pasar una semana de vacaciones y la Casa Real, rompiendo todas las normas de protocolo, hizo desplazar a la ilustre visitante hasta las islas Baleares para que compartiera un almuerzo con el jefe de Estado en lugar de que fuera \u00e9ste, como marca la cortes\u00eda, quien la visitara en el lugar de Espa\u00f1a que hab\u00eda elegido para su descanso. La comida no tuvo lugar en Marbella, sino en el Palacio de Marivent,<br \/>\nEn estos d\u00edas, con Matas\u00a0 dando explicaciones en los tribunales del saqueo a las cuentas p\u00fablicas y de su propia inmoralidad y el Palacio de Marivent convertido en el epicentro del caso Urdangar\u00edn \u2013una causa que no existir\u00eda si en este pa\u00eds el peloteo no estuviese institucionalizado\u2013, cabe preguntarse qu\u00e9 clase de ensa\u00f1amiento estar\u00eda sufriendo Marbella si alguno de los episodios que investiga la justicia en Mallorca hubiese tenido lugar por aqu\u00ed.<br \/>\nQu\u00e9 clase de referencias hirientes a la ciudad, que sospecha generalizada sobre todos sus vecinos, habr\u00eda que escuchar si el pase\u00edllo del yerno real y su declaraci\u00f3n interminable de un fin de semana completo no se hubiesen producido en un juzgado de Palma de Mallorca, sino en uno de Marbella. Qu\u00e9 bromitas habr\u00eda que aguantar si el Rey hubiese concedido a su hija y al marido de \u00e9sta no el Ducado de Palma, sino el Ducado de Marbella. Qu\u00e9 acusaci\u00f3n colectiva recaer\u00eda ahora sobre toda la ciudad si Urdangar\u00edn hubiese utilizado para\u00a0 reunirse con Matas\u00a0 una residencia oficial ubicada en la Milla de Oro o en Guadalmina.<br \/>\nSin embargo, esa reuni\u00f3n no podr\u00eda haberse celebrado aqu\u00ed porque tener palacio en Marbella nunca ha entrado en los planes reales. La pregunta es si ahora cabe alegrarse por ello.<\/p>\n","protected":false},"excerpt":{"rendered":"<p>De todos los episodios que mostraron\u00a0 hasta d\u00f3nde hab\u00eda ca\u00eddo la imagen de Marbella en los \u00faltimos a\u00f1os hay dos que supusieron heridas sangrantes para los vecinos de la ciudad. Uno fue cuando el entonces presidente balear Jaume Matas se permiti\u00f3 acudir a la ciudad en el marco de una campa\u00f1a pol\u00edtica para dar lecciones [&hellip;]<\/p>\n","protected":false},"author":37,"featured_media":0,"comment_status":"open","ping_status":"closed","sticky":false,"template":"","format":"standard","meta":[],"categories":[3],"tags":[],"_links":{"self":[{"href":"https:\/\/blogs.diariosur.es\/blogmalayo\/wp-json\/wp\/v2\/posts\/278"}],"collection":[{"href":"https:\/\/blogs.diariosur.es\/blogmalayo\/wp-json\/wp\/v2\/posts"}],"about":[{"href":"https:\/\/blogs.diariosur.es\/blogmalayo\/wp-json\/wp\/v2\/types\/post"}],"author":[{"embeddable":true,"href":"https:\/\/blogs.diariosur.es\/blogmalayo\/wp-json\/wp\/v2\/users\/37"}],"replies":[{"embeddable":true,"href":"https:\/\/blogs.diariosur.es\/blogmalayo\/wp-json\/wp\/v2\/comments?post=278"}],"version-history":[{"count":0,"href":"https:\/\/blogs.diariosur.es\/blogmalayo\/wp-json\/wp\/v2\/posts\/278\/revisions"}],"wp:attachment":[{"href":"https:\/\/blogs.diariosur.es\/blogmalayo\/wp-json\/wp\/v2\/media?parent=278"}],"wp:term":[{"taxonomy":"category","embeddable":true,"href":"https:\/\/blogs.diariosur.es\/blogmalayo\/wp-json\/wp\/v2\/categories?post=278"},{"taxonomy":"post_tag","embeddable":true,"href":"https:\/\/blogs.diariosur.es\/blogmalayo\/wp-json\/wp\/v2\/tags?post=278"}],"curies":[{"name":"wp","href":"https:\/\/api.w.org\/{rel}","templated":true}]}}