{"id":281,"date":"2012-03-13T17:12:02","date_gmt":"2012-03-13T16:12:02","guid":{"rendered":"http:\/\/blogs.diariosur.es\/blogmalayo\/?p=281"},"modified":"2012-03-13T17:12:02","modified_gmt":"2012-03-13T16:12:02","slug":"la-pregunta-que-hay-que-hacer-es-como","status":"publish","type":"post","link":"https:\/\/blogs.diariosur.es\/blogmalayo\/2012\/03\/13\/la-pregunta-que-hay-que-hacer-es-como\/","title":{"rendered":"La pregunta que hay que hacer es c\u00f3mo"},"content":{"rendered":"<p>A pesar de que la campa\u00f1a electoral que acaba de comenzar es la m\u00e1s interesante de cuantas se han celebrado en la historia de la autonom\u00eda andaluza, m\u00e1s a\u00fan despu\u00e9s de que la encuesta del CIS ense\u00f1ara qu\u00e9 abierto est\u00e1 el partido que queda por jugarse y qu\u00e9 incierto es el resultado, los \u00faltimos d\u00edas no han sido precisamente una invitaci\u00f3n a acudir a las urnas. Ver a los principales partidos ech\u00e1ndose a la cara mutuamente comportamientos id\u00e9nticos en el esc\u00e1ndalo de la apropiaci\u00f3n de dinero p\u00fablico para pagar cursos de elite para sus dirigentes ha constituido una afrenta en toda regla a los ciudadanos que sufren en la piel de sus hijos el deterioro continuo de la educaci\u00f3n p\u00fablica y en la propia, una pol\u00edtica de obligada austeridad que quienes mandan se resisten a aplicarse a s\u00ed mismos.<br \/>\nSin embargo, no debe perderse de vista que estamos frente a uno de esos escasos momentos en los que la ciudadan\u00eda tiene a su alcance la posibilidad de conseguir que ante ella se contraigan compromisos cuyo eventual y probable incumplimiento futuro al menos saque los colores a quienes hoy nos saludan desde los carteles electorales con sonrisa impostada y acuden a los mercados a besar ni\u00f1os con un saco lleno de promesas.<br \/>\nPor eso, y porque posiblemente no estemos en mucho tiempo ante una oportunidad similar, ha llegado el momento de comportarnos como ese profesor inflexible que no se conforma con la primera respuesta y sigue preguntando hasta desnudar las flaquezas del examinado. Y en este caso la pregunta es c\u00f3mo. No qu\u00e9 piensa hacer usted si llega al poder, sino c\u00f3mo piensa hacerlo.<br \/>\nNo basta con que se diga que Marbella necesita m\u00e1s plazas escolares, es necesario que se explique c\u00f3mo van a crearse en estas \u00e9pocas de vacas flacas.<br \/>\nLos usuarios de la sanidad p\u00fablica ya saben que es una verg\u00fcenza que el CHARE de Estepona no se haya comenzado, como saben tambi\u00e9n\u00a0 que las obras de ampliaci\u00f3n del Hospital Costa del Sol est\u00e1n paralizadas sin que la consejera haya tenido la dignidad de explicar que la operaci\u00f3n de financiarlas a trav\u00e9s del aparcamiento de pago le ha fallado. La pregunta es c\u00f3mo se retomar\u00e1n esos proyectos. De d\u00f3nde saldr\u00e1 el dinero para pagarlos.<br \/>\nSobrar\u00e1n las an\u00e9cdotas familiares sobre hijos de candidatos que tuvieron que acudir un verano al ambulatorio de San Pedro tanto como las soflamas sobre los avances conseguidos por la sanidad p\u00fablica andaluza si no se explica c\u00f3mo y d\u00f3nde se har\u00e1n los nuevos centros de salud que Marbella necesita.<br \/>\nTampoco ser\u00e1 suficiente con que vengan los candidatos a fotografiarse delante del parque de los Tres Jardines; unos para vanagloriarse de la inversi\u00f3n realizada, los otros a lamentar que a\u00fan no se haya abierto al p\u00fablico. Deber\u00e1n explicar cu\u00e1ndo dejar\u00e1 de estar cerrado y, sobre todo, c\u00f3mo se pagar\u00e1 su mantenimiento.<br \/>\nSobrar\u00e1n los discursos grandilocuentes sobre la importancia del turismo para la econom\u00eda andaluza y la importancia de Marbella para el turismo si no se\u00a0 explica\u00a0 c\u00f3mo se va a fortalecer al sector tras la promesa incumplida de bajar el IVA y el anuncio de recortar tambi\u00e9n en la partida de promoci\u00f3n.<br \/>\nSobrar\u00e1 cualquier referencia a que Marbella es la \u00fanica ciudad espa\u00f1ola de m\u00e1s de 100.000 habitantes por la que no pasa el tren, o la reivindicaci\u00f3n de c\u00f3mo ha cambiado el turismo en la Costa del Sol desde que el AVE lleg\u00f3 a M\u00e1laga si no vienen acompa\u00f1adas de un compromiso con plazos y una explicaci\u00f3n acerca de c\u00f3mo se financiar\u00e1, si no se abandona, el proyecto del tren litoral.<br \/>\nSobrar\u00e1n, en s\u00edntesis, las tomaduras de pelo. La crisis nos ha hecho mayores y \u00e9ste es el momento de pedir concreciones.<\/p>\n","protected":false},"excerpt":{"rendered":"<p>A pesar de que la campa\u00f1a electoral que acaba de comenzar es la m\u00e1s interesante de cuantas se han celebrado en la historia de la autonom\u00eda andaluza, m\u00e1s a\u00fan despu\u00e9s de que la encuesta del CIS ense\u00f1ara qu\u00e9 abierto est\u00e1 el partido que queda por jugarse y qu\u00e9 incierto es el resultado, los \u00faltimos d\u00edas [&hellip;]<\/p>\n","protected":false},"author":37,"featured_media":0,"comment_status":"open","ping_status":"closed","sticky":false,"template":"","format":"standard","meta":[],"categories":[3],"tags":[],"_links":{"self":[{"href":"https:\/\/blogs.diariosur.es\/blogmalayo\/wp-json\/wp\/v2\/posts\/281"}],"collection":[{"href":"https:\/\/blogs.diariosur.es\/blogmalayo\/wp-json\/wp\/v2\/posts"}],"about":[{"href":"https:\/\/blogs.diariosur.es\/blogmalayo\/wp-json\/wp\/v2\/types\/post"}],"author":[{"embeddable":true,"href":"https:\/\/blogs.diariosur.es\/blogmalayo\/wp-json\/wp\/v2\/users\/37"}],"replies":[{"embeddable":true,"href":"https:\/\/blogs.diariosur.es\/blogmalayo\/wp-json\/wp\/v2\/comments?post=281"}],"version-history":[{"count":0,"href":"https:\/\/blogs.diariosur.es\/blogmalayo\/wp-json\/wp\/v2\/posts\/281\/revisions"}],"wp:attachment":[{"href":"https:\/\/blogs.diariosur.es\/blogmalayo\/wp-json\/wp\/v2\/media?parent=281"}],"wp:term":[{"taxonomy":"category","embeddable":true,"href":"https:\/\/blogs.diariosur.es\/blogmalayo\/wp-json\/wp\/v2\/categories?post=281"},{"taxonomy":"post_tag","embeddable":true,"href":"https:\/\/blogs.diariosur.es\/blogmalayo\/wp-json\/wp\/v2\/tags?post=281"}],"curies":[{"name":"wp","href":"https:\/\/api.w.org\/{rel}","templated":true}]}}