{"id":283,"date":"2012-03-19T13:26:52","date_gmt":"2012-03-19T12:26:52","guid":{"rendered":"http:\/\/blogs.diariosur.es\/blogmalayo\/?p=283"},"modified":"2012-03-19T13:26:52","modified_gmt":"2012-03-19T12:26:52","slug":"economia-publica-y-economia-familiar","status":"publish","type":"post","link":"https:\/\/blogs.diariosur.es\/blogmalayo\/2012\/03\/19\/economia-publica-y-economia-familiar\/","title":{"rendered":"Econom\u00eda p\u00fablica y econom\u00eda familiar"},"content":{"rendered":"<p>La no casual coincidencia entre las estrecheces de las cuentas p\u00fablicas y las de la mayor\u00eda de los hogares ha conseguido instalar en la conciencia colectiva el falso principio de que la econom\u00eda nacional funciona igual que la econom\u00eda familiar, y que\u00a0 a un pa\u00eds que gasta m\u00e1s de lo que ingresa, o al que se sigue endeudando para que haya dinero en la calle, le espera el mismo destino que a una familia que se comporta igual. Bajo ese razonamiento, aumentar la deuda para meter dinero en la econom\u00eda, aunque tenga el prop\u00f3sito de evitar que la rueda se pare, es un camino seguro hacia el desastre.<br \/>\nLa reducci\u00f3n de la complejidad de la macroeconom\u00eda a esta comparaci\u00f3n simplista con la econom\u00eda dom\u00e9stica \u2013que ignora las\u00a0 diferencias, no solo cuantitativas, entre la econom\u00eda pol\u00edtica y las cuentas familiares y que iguala los conceptos de gasto e inversi\u00f3n como si fueran lo mismo\u2013 puede servir para justificar una pol\u00edtica determinada en un momento concreto, pero no para explicar c\u00f3mo hemos llegado hasta aqu\u00ed y mucho menos qu\u00e9 hemos de hacer para salir de donde estamos.<br \/>\nSin embargo, esa idea de que la austeridad, el recorte y la anemia inversora son el \u00fanico camino posible tiene una base s\u00f3lida en la que afirmarse: los ciudadanos hemos percibido que durante los a\u00f1os de bonanza las administraciones se gastaron nuestro dinero alegremente en aquello en lo que no deb\u00edan, y ahora toca hacer lo contrario.<br \/>\nSin embargo, no deja de ser parad\u00f3jico que ahora, cuando peor estamos, nos veamos obligados a pagar la factura de los a\u00f1os en los que nos iba mejor. \u00bfNo deber\u00eda ser al rev\u00e9s? \u00bfNo deber\u00edan las instituciones acumular reservas en los a\u00f1os de bonanza, cuando m\u00e1s alta es la recaudaci\u00f3n, para inyectar dinero en la econom\u00eda cuando la inversi\u00f3n se contrae y m\u00e1s valor tiene cada euro que se gasta, cuando resulta vital inocular vitaminas en las venas de la econom\u00eda?<br \/>\nLa l\u00f3gica indica que ese deber\u00eda ser el comportamiento de nuestros gobernantes, pero a ver qui\u00e9n es el guapo que le explica a un responsable pol\u00edtico subido a la ola de la prosperidad que durante su mandato tiene que ahorrar porque al siguiente puede tocarle nadar con mareas bajas.<br \/>\nEsta paradoja tiene, sin dudarlo, una lectura extrema en clave local. Cuando el dinero entr\u00f3 a espuertas en el Ayuntamiento de Marbella, o deber\u00eda haberlo hecho, fue precisamente cuando la instituci\u00f3n se arruin\u00f3. Podr\u00e1 decirse, con raz\u00f3n, que la ciudad estaba gobernada por una banda de ladrones. Es verdad, aunque una verdad que no lo explica todo. Porque parte del plan de saqueo de la ciudad inclu\u00eda inflar la plantilla artificialmente para conseguir votos, y con el mismo objetivo, subvencionar ferias, fiestas y verbenas y armar un gigantesco aparato de propaganda que inclu\u00eda hasta un peri\u00f3dico gratuito.<br \/>\nLo de Marbella fue, m\u00e1s que el paradigma, la versi\u00f3n exagerada de lo que pas\u00f3 en toda Espa\u00f1a. Pero tiene puntos en com\u00fan con el resto. Porque muchos otros ayuntamientos donde no hubo semejante latrocinio est\u00e1n igual de arruinados que el nuestro, lo que demuestra que m\u00e1s all\u00e1 de la consideraci\u00f3n moral, a efectos pr\u00e1cticos no hay gran diferencia en el resultado de la gesti\u00f3n de pol\u00edticos irresponsables, ineptos, oportunistas o delincuentes. Ante cualquier duda, preguntar en Estepona.<br \/>\nEl desastre es tal que hab\u00edamos llegado a asumir con resignaci\u00f3n que las administraciones, y en especial los ayuntamientos, se convirtieran no en malos pagadores, sino en no pagadores, y que muchos responsables institucionales se encontraran con la negativa de varias empresas a trabajar con ellos porque sab\u00edan que despu\u00e9s iba a ser pr\u00e1cticamente imposible cobrar.<br \/>\nY en eso est\u00e1bamos cuando lleg\u00f3 el plan del Gobierno para pagar a los proveedores, que ha ca\u00eddo como un man\u00e1 divino para las administraciones locales. Se trata de una gran idea, y al mismo tiempo de una idea simple: los ayuntamientos piden un cr\u00e9dito para pagar esas deudas \u201312 millones de euros a 400 proveedores en el caso de Marbella, 63 millones en Estepona\u2013, las empresas cobran, salen muchas de una situaci\u00f3n desesperada (en alg\u00fan caso hasta evitan la desaparici\u00f3n), pagan a su vez a sus propios proveedores o a sus empleados y dinero fresco vuelve a entrar en el circuito. Basta con hablar con algunos empresarios con el agua al cuello para valorar lo oportuna de esta operaci\u00f3n.<br \/>\nNo deber\u00edan desecharse las conclusiones que de ella puedan sacarse: los ayuntamientos ya endeudados, se endeudan todav\u00eda m\u00e1s para pagarles a sus proveedores, porque estos no cobran intereses, pero los bancos s\u00ed. Sin embargo, parte del\u00a0 dinero fresco que entra en el circuito econ\u00f3mico no tardar\u00e1 en volver, v\u00eda recaudaci\u00f3n impositiva, a la administraci\u00f3n.<br \/>\nSi inyectar dinero en la econom\u00eda para que la rueda vuelva a girar, a\u00fan a costa de que los intereses aumenten la deuda p\u00fablica, es una buena idea, surge la duda. \u00bfNo hab\u00edamos quedado en que endeudarnos m\u00e1s era lo contrario a lo que hab\u00eda que hacer? \u00bfNo era igual la econom\u00eda del pa\u00eds a la econom\u00eda de una familia? \u00bfO es que hay una salida diferente a la que marcan la austeridad, los recortes y la anemia?<\/p>\n","protected":false},"excerpt":{"rendered":"<p>La no casual coincidencia entre las estrecheces de las cuentas p\u00fablicas y las de la mayor\u00eda de los hogares ha conseguido instalar en la conciencia colectiva el falso principio de que la econom\u00eda nacional funciona igual que la econom\u00eda familiar, y que\u00a0 a un pa\u00eds que gasta m\u00e1s de lo que ingresa, o al que [&hellip;]<\/p>\n","protected":false},"author":37,"featured_media":0,"comment_status":"open","ping_status":"closed","sticky":false,"template":"","format":"standard","meta":[],"categories":[3],"tags":[],"_links":{"self":[{"href":"https:\/\/blogs.diariosur.es\/blogmalayo\/wp-json\/wp\/v2\/posts\/283"}],"collection":[{"href":"https:\/\/blogs.diariosur.es\/blogmalayo\/wp-json\/wp\/v2\/posts"}],"about":[{"href":"https:\/\/blogs.diariosur.es\/blogmalayo\/wp-json\/wp\/v2\/types\/post"}],"author":[{"embeddable":true,"href":"https:\/\/blogs.diariosur.es\/blogmalayo\/wp-json\/wp\/v2\/users\/37"}],"replies":[{"embeddable":true,"href":"https:\/\/blogs.diariosur.es\/blogmalayo\/wp-json\/wp\/v2\/comments?post=283"}],"version-history":[{"count":0,"href":"https:\/\/blogs.diariosur.es\/blogmalayo\/wp-json\/wp\/v2\/posts\/283\/revisions"}],"wp:attachment":[{"href":"https:\/\/blogs.diariosur.es\/blogmalayo\/wp-json\/wp\/v2\/media?parent=283"}],"wp:term":[{"taxonomy":"category","embeddable":true,"href":"https:\/\/blogs.diariosur.es\/blogmalayo\/wp-json\/wp\/v2\/categories?post=283"},{"taxonomy":"post_tag","embeddable":true,"href":"https:\/\/blogs.diariosur.es\/blogmalayo\/wp-json\/wp\/v2\/tags?post=283"}],"curies":[{"name":"wp","href":"https:\/\/api.w.org\/{rel}","templated":true}]}}