{"id":286,"date":"2012-03-23T09:45:01","date_gmt":"2012-03-23T08:45:01","guid":{"rendered":"http:\/\/blogs.diariosur.es\/blogmalayo\/?p=286"},"modified":"2012-03-23T09:45:01","modified_gmt":"2012-03-23T08:45:01","slug":"baleares-no-es-marbella","status":"publish","type":"post","link":"https:\/\/blogs.diariosur.es\/blogmalayo\/2012\/03\/23\/baleares-no-es-marbella\/","title":{"rendered":"Baleares no es Marbella"},"content":{"rendered":"<p>&#8220;Ni Andratx es Marbella, ni Mallorca es Marbella, ni las islas Baleares son Marbella&#8221;. Con esta frase quiso dejar claro que la \u00fanica ciudad de Espa\u00f1a donde exist\u00eda corrupci\u00f3n pol\u00edtica institucionalizada estaba en la Costa del Sol, y no en las islas privilegiadas por el buen trato de la prensa, las regatas de post\u00edn y las vacaciones reales.<\/p>\n<p>La polic\u00eda acababa de desarticular la banda que mandaba en el Ayuntamiento de Marbella, sus \u00faltimos alcaldes estaban en prisi\u00f3n, las televisiones alimentaban el mito de una ciudad donde todo estaba perdido y cualquier paralelismo que se aventuraraera una comparaci\u00f3n absurda, injusta y exagerada, ya que la corrupci\u00f3n no era \u00abla conducta generalizada de las islas Baleares\u00bb.Meses m\u00e1s tarde, despu\u00e9s de atribuir todos esos ataques oportunistas a una mala interpretaci\u00f3n del mensajero, se permiti\u00f3 tambi\u00e9n poner a las islas como ejemplo del control del n\u00famero de plazas hoteleras frente al exceso de hoteles que, en su opini\u00f3n, se hab\u00edan construido en la joya de la Costa del Sol.<\/p>\n<p>Se desconoce si las declaraciones que pretend\u00edan estigmatizar a Marbella para salvar la propia cara las hizo desde alg\u00fan palacete construido con dinero p\u00fablico, pero lo que ya sabemos es que las que hizo desde el banquillo de los acusados no han convencido al tribunal que lo juzgaba. En la primera de sus 21 causas pendientes con la justicia, el expresidente balear Jaume Matas ha sido condenado a seis a\u00f1os de c\u00e1rcel.<\/p>\n<p>No ir\u00e1 solo. Le acompa\u00f1ar\u00e1n uno de sus colaboradores, el due\u00f1o de una agencia de publicidad y el periodista Antonio Alemany, un sujeto que se salt\u00f3 todas las normas de la deontolog\u00eda profesional y concert\u00f3 un contrato irregular para escribirle los discursos del presidente condenado a cambio de jugosos honorarios. 650.000 euros pagados con dinero p\u00fablico. No viene escrito, pero el acuerdo inclu\u00eda los desmedidos elogios que el periodista dedicaba a esos mismos discursos en el diario donde ejerc\u00eda de articulista. Como se ve, la jugada era redonda y la estafa, m\u00faltiple.<\/p>\n<p>Entre los estafados est\u00e1n los lectores que de buena fe habr\u00e1n cre\u00eddo esos elogios y que a buen seguro estar\u00e1n esperando una explicaci\u00f3n.<\/p>\n<p>\u00a0<br \/>\n\u00a0<\/p>\n","protected":false},"excerpt":{"rendered":"<p>&#8220;Ni Andratx es Marbella, ni Mallorca es Marbella, ni las islas Baleares son Marbella&#8221;. Con esta frase quiso dejar claro que la \u00fanica ciudad de Espa\u00f1a donde exist\u00eda corrupci\u00f3n pol\u00edtica institucionalizada estaba en la Costa del Sol, y no en las islas privilegiadas por el buen trato de la prensa, las regatas de post\u00edn y [&hellip;]<\/p>\n","protected":false},"author":37,"featured_media":0,"comment_status":"open","ping_status":"closed","sticky":false,"template":"","format":"standard","meta":[],"categories":[3],"tags":[],"_links":{"self":[{"href":"https:\/\/blogs.diariosur.es\/blogmalayo\/wp-json\/wp\/v2\/posts\/286"}],"collection":[{"href":"https:\/\/blogs.diariosur.es\/blogmalayo\/wp-json\/wp\/v2\/posts"}],"about":[{"href":"https:\/\/blogs.diariosur.es\/blogmalayo\/wp-json\/wp\/v2\/types\/post"}],"author":[{"embeddable":true,"href":"https:\/\/blogs.diariosur.es\/blogmalayo\/wp-json\/wp\/v2\/users\/37"}],"replies":[{"embeddable":true,"href":"https:\/\/blogs.diariosur.es\/blogmalayo\/wp-json\/wp\/v2\/comments?post=286"}],"version-history":[{"count":0,"href":"https:\/\/blogs.diariosur.es\/blogmalayo\/wp-json\/wp\/v2\/posts\/286\/revisions"}],"wp:attachment":[{"href":"https:\/\/blogs.diariosur.es\/blogmalayo\/wp-json\/wp\/v2\/media?parent=286"}],"wp:term":[{"taxonomy":"category","embeddable":true,"href":"https:\/\/blogs.diariosur.es\/blogmalayo\/wp-json\/wp\/v2\/categories?post=286"},{"taxonomy":"post_tag","embeddable":true,"href":"https:\/\/blogs.diariosur.es\/blogmalayo\/wp-json\/wp\/v2\/tags?post=286"}],"curies":[{"name":"wp","href":"https:\/\/api.w.org\/{rel}","templated":true}]}}