{"id":293,"date":"2012-04-06T17:20:03","date_gmt":"2012-04-06T16:20:03","guid":{"rendered":"http:\/\/blogs.diariosur.es\/blogmalayo\/?p=293"},"modified":"2012-04-06T17:20:03","modified_gmt":"2012-04-06T16:20:03","slug":"entretenidos","status":"publish","type":"post","link":"https:\/\/blogs.diariosur.es\/blogmalayo\/2012\/04\/06\/entretenidos\/","title":{"rendered":"Entretenidos"},"content":{"rendered":"<p>En los Presupuestos Generales del Estado m\u00e1s r\u00e1canos, restrictivos y peligrosos de la historia \u2013por el riesgo que en buena l\u00f3gica supone imponerle una dieta de adelgazamiento a un enfermo al borde la desnutrici\u00f3n\u2013 va el Gobierno e incluye una partida para recuperar el proyecto de prolongar el tren de Cercan\u00edas hasta Marbella. Y uno, la verdad, no sabe c\u00f3mo tom\u00e1rselo.<br \/>\nPorque no es que Marbella no necesite dejar de ser la \u00fanica ciudad espa\u00f1ola con m\u00e1s de 100.000 habitantes sin estaci\u00f3n de tren, ni mucho menos que sus vecinos y sus empresas se hayan resignado a no contar con el impulso que supondr\u00eda la conexi\u00f3n ferroviaria. Pero es que ya llevamos m\u00e1s de un d\u00e9cada escuchando la milonga del tren como para que a estas alturas, con unas cuentas que nos advierten de que no habr\u00e1 dinero ni para saneamiento, ni para las playas, ni para promoci\u00f3n tur\u00edstica, ni para educaci\u00f3n infantil, ni para becas, ni para ordenadores en las aulas, ni tan siquiera para cumplir con lo que marca la ley en las asignaciones a las autonom\u00edas, vengan y nos digan que s\u00ed va a haber para volver a empezar con el tren hasta Marbella.<br \/>\nNo es que vayan a coger los estudios, informes y proyectos que se han venido haciendo durante los \u00faltimos a\u00f1os, desde que en 2000 se anunci\u00f3 por primera vez la idea, no. Como no ha habido suficiente, van a destinar 680.000 euros a un estudio nuevo. Durante 12 a\u00f1os desde la Junta de Andaluc\u00eda gobernada por el PSOE, y tambi\u00e9n desde el Gobierno central del mismo signo, han estado mareando al personal con el asunto del tren hasta que el personal se ha dado cuenta de que no hab\u00eda ni fondos ni voluntad para embarcarse en el proyecto. Ahora llega el Gobierno del PP y anuncia que encarga un estudio. Y uno, la verdad, tiene ganas de cre\u00e9rselo, pero es que los antecesores se han gastado todo el cr\u00e9dito. Tambi\u00e9n el financiero.<br \/>\nNo es que el tren no sea necesario, imprescindible incluso, no es que no sea justo, ni mucho menos que no sea oportuno. El problema es que no es cre\u00edble.<br \/>\nCualquiera que est\u00e9 al tanto de lo que sucede en esta provincia estar\u00e1 cansado de leer y escuchar el encargo de proyectos, de estudios de viabilidad, incluso de maquetas y dise\u00f1os de estaciones. Llevamos as\u00ed 12 a\u00f1os. Ahora, a pesar de los recortes, se encarga uno nuevo.<br \/>\nO son unos cachondos o nos quieren tener entretenidos.<\/p>\n","protected":false},"excerpt":{"rendered":"<p>En los Presupuestos Generales del Estado m\u00e1s r\u00e1canos, restrictivos y peligrosos de la historia \u2013por el riesgo que en buena l\u00f3gica supone imponerle una dieta de adelgazamiento a un enfermo al borde la desnutrici\u00f3n\u2013 va el Gobierno e incluye una partida para recuperar el proyecto de prolongar el tren de Cercan\u00edas hasta Marbella. Y uno, [&hellip;]<\/p>\n","protected":false},"author":37,"featured_media":0,"comment_status":"open","ping_status":"closed","sticky":false,"template":"","format":"standard","meta":[],"categories":[3],"tags":[],"_links":{"self":[{"href":"https:\/\/blogs.diariosur.es\/blogmalayo\/wp-json\/wp\/v2\/posts\/293"}],"collection":[{"href":"https:\/\/blogs.diariosur.es\/blogmalayo\/wp-json\/wp\/v2\/posts"}],"about":[{"href":"https:\/\/blogs.diariosur.es\/blogmalayo\/wp-json\/wp\/v2\/types\/post"}],"author":[{"embeddable":true,"href":"https:\/\/blogs.diariosur.es\/blogmalayo\/wp-json\/wp\/v2\/users\/37"}],"replies":[{"embeddable":true,"href":"https:\/\/blogs.diariosur.es\/blogmalayo\/wp-json\/wp\/v2\/comments?post=293"}],"version-history":[{"count":0,"href":"https:\/\/blogs.diariosur.es\/blogmalayo\/wp-json\/wp\/v2\/posts\/293\/revisions"}],"wp:attachment":[{"href":"https:\/\/blogs.diariosur.es\/blogmalayo\/wp-json\/wp\/v2\/media?parent=293"}],"wp:term":[{"taxonomy":"category","embeddable":true,"href":"https:\/\/blogs.diariosur.es\/blogmalayo\/wp-json\/wp\/v2\/categories?post=293"},{"taxonomy":"post_tag","embeddable":true,"href":"https:\/\/blogs.diariosur.es\/blogmalayo\/wp-json\/wp\/v2\/tags?post=293"}],"curies":[{"name":"wp","href":"https:\/\/api.w.org\/{rel}","templated":true}]}}